{"id":8058,"date":"2019-09-05T12:07:09","date_gmt":"2019-09-05T18:07:09","guid":{"rendered":"https:\/\/soy.usac.edu.gt\/?p=8058"},"modified":"2019-09-05T12:10:07","modified_gmt":"2019-09-05T18:10:07","slug":"por-el-resguardo-de-los-oceanos","status":"publish","type":"post","link":"https:\/\/soy.usac.edu.gt\/?p=8058","title":{"rendered":"Por el resguardo de los oc\u00e9anos"},"content":{"rendered":"\n<p style=\"text-align: justify;\"><b><i>La Universidad de San Carlos de Guatemala y la Universidad del Valle, en conjunto con Fundaeco, realizan el Segundo Simposio Nacional Marino Costero.<\/i><\/b><\/p>\n<p style=\"text-align: justify;\"><span style=\"font-weight: 400;\">Por segunda ocasi\u00f3n se llev\u00f3 a cabo el \u00a0Simposio Nacional Marino Costero, organizado por el Centro de Estudios del Mar y la Acuicultura (CEMA) de la USAC y la Universidad del Valle (UVG).<\/span><\/p>\n<p style=\"text-align: justify;\"><span style=\"font-weight: 400;\">Estudiantes, profesionales, pescadores y expertos en tem\u00e1ticas marinas se dieron cita en el auditorio de la UVG para conocer las \u00faltimas investigaciones en temas marinos que se est\u00e1n realizando en el pa\u00eds y sobre c\u00f3mo el cambio clim\u00e1tico est\u00e1 afectando a los oc\u00e9anos.<\/span><\/p>\n<p style=\"text-align: justify;\"><span style=\"font-weight: 400;\">Desde ayer, los panelistas han estado compartiendo sus experiencias en tem\u00e1ticas como el estado de la salud del sistema arrecifal mesoamericano, la importancia del monitoreo costero y oce\u00e1nico en tiempos de grandes cambios, experiencia de probi\u00f3ticos en cultivos de camar\u00f3n y sus efectos en el cambio clim\u00e1tico, entre otras.<\/span><\/p>\n<div id='gallery-1' class='gallery galleryid-8058 gallery-columns-3 gallery-size-thumbnail'><figure class='gallery-item'>\n\t\t\t<div class='gallery-icon landscape'>\n\t\t\t\t<a href='https:\/\/soy.usac.edu.gt\/?attachment_id=8072'><img loading=\"lazy\" decoding=\"async\" width=\"150\" height=\"150\" src=\"https:\/\/soy.usac.edu.gt\/wp-content\/uploads\/2019\/09\/WhatsApp-Image-2019-09-04-at-11.04.08-150x150.jpeg\" class=\"attachment-thumbnail size-thumbnail\" alt=\"\" aria-describedby=\"gallery-1-8072\" \/><\/a>\n\t\t\t<\/div>\n\t\t\t\t<figcaption class='wp-caption-text gallery-caption' id='gallery-1-8072'>\n\t\t\t\tFotos cortes\u00eda de FUNDAECO\n\t\t\t\t<\/figcaption><\/figure><figure class='gallery-item'>\n\t\t\t<div class='gallery-icon landscape'>\n\t\t\t\t<a href='https:\/\/soy.usac.edu.gt\/?attachment_id=8061'><img loading=\"lazy\" decoding=\"async\" width=\"150\" height=\"150\" src=\"https:\/\/soy.usac.edu.gt\/wp-content\/uploads\/2019\/09\/WhatsApp-Image-2019-09-04-at-11.04.03-2-150x150.jpeg\" class=\"attachment-thumbnail size-thumbnail\" alt=\"\" aria-describedby=\"gallery-1-8061\" \/><\/a>\n\t\t\t<\/div>\n\t\t\t\t<figcaption class='wp-caption-text gallery-caption' id='gallery-1-8061'>\n\t\t\t\tFotos cortes\u00eda de FUNDAECO\n\t\t\t\t<\/figcaption><\/figure><figure class='gallery-item'>\n\t\t\t<div class='gallery-icon landscape'>\n\t\t\t\t<a href='https:\/\/soy.usac.edu.gt\/?attachment_id=8062'><img loading=\"lazy\" decoding=\"async\" width=\"150\" height=\"150\" src=\"https:\/\/soy.usac.edu.gt\/wp-content\/uploads\/2019\/09\/WhatsApp-Image-2019-09-04-at-11.04.03-150x150.jpeg\" class=\"attachment-thumbnail size-thumbnail\" alt=\"\" aria-describedby=\"gallery-1-8062\" \/><\/a>\n\t\t\t<\/div>\n\t\t\t\t<figcaption class='wp-caption-text gallery-caption' id='gallery-1-8062'>\n\t\t\t\tFotos cortes\u00eda de FUNDAECO\n\t\t\t\t<\/figcaption><\/figure><figure class='gallery-item'>\n\t\t\t<div class='gallery-icon landscape'>\n\t\t\t\t<a href='https:\/\/soy.usac.edu.gt\/?attachment_id=8063'><img loading=\"lazy\" decoding=\"async\" width=\"150\" height=\"150\" src=\"https:\/\/soy.usac.edu.gt\/wp-content\/uploads\/2019\/09\/WhatsApp-Image-2019-09-04-at-11.04.04-150x150.jpeg\" class=\"attachment-thumbnail size-thumbnail\" alt=\"\" aria-describedby=\"gallery-1-8063\" \/><\/a>\n\t\t\t<\/div>\n\t\t\t\t<figcaption class='wp-caption-text gallery-caption' id='gallery-1-8063'>\n\t\t\t\tFotos cortes\u00eda de FUNDAECO\n\t\t\t\t<\/figcaption><\/figure><figure class='gallery-item'>\n\t\t\t<div class='gallery-icon landscape'>\n\t\t\t\t<a href='https:\/\/soy.usac.edu.gt\/?attachment_id=8064'><img loading=\"lazy\" decoding=\"async\" width=\"150\" height=\"150\" src=\"https:\/\/soy.usac.edu.gt\/wp-content\/uploads\/2019\/09\/WhatsApp-Image-2019-09-04-at-11.04.05-1-150x150.jpeg\" class=\"attachment-thumbnail size-thumbnail\" alt=\"\" aria-describedby=\"gallery-1-8064\" \/><\/a>\n\t\t\t<\/div>\n\t\t\t\t<figcaption class='wp-caption-text gallery-caption' id='gallery-1-8064'>\n\t\t\t\tFotos cortes\u00eda de FUNDAECO\n\t\t\t\t<\/figcaption><\/figure><figure class='gallery-item'>\n\t\t\t<div class='gallery-icon landscape'>\n\t\t\t\t<a href='https:\/\/soy.usac.edu.gt\/?attachment_id=8065'><img loading=\"lazy\" decoding=\"async\" width=\"150\" height=\"150\" src=\"https:\/\/soy.usac.edu.gt\/wp-content\/uploads\/2019\/09\/WhatsApp-Image-2019-09-04-at-11.04.05-2-150x150.jpeg\" class=\"attachment-thumbnail size-thumbnail\" alt=\"\" aria-describedby=\"gallery-1-8065\" \/><\/a>\n\t\t\t<\/div>\n\t\t\t\t<figcaption class='wp-caption-text gallery-caption' id='gallery-1-8065'>\n\t\t\t\tFotos cortes\u00eda de FUNDAECO\n\t\t\t\t<\/figcaption><\/figure><figure class='gallery-item'>\n\t\t\t<div class='gallery-icon landscape'>\n\t\t\t\t<a href='https:\/\/soy.usac.edu.gt\/?attachment_id=8066'><img loading=\"lazy\" decoding=\"async\" width=\"150\" height=\"150\" src=\"https:\/\/soy.usac.edu.gt\/wp-content\/uploads\/2019\/09\/WhatsApp-Image-2019-09-04-at-11.04.05-150x150.jpeg\" class=\"attachment-thumbnail size-thumbnail\" alt=\"\" aria-describedby=\"gallery-1-8066\" \/><\/a>\n\t\t\t<\/div>\n\t\t\t\t<figcaption class='wp-caption-text gallery-caption' id='gallery-1-8066'>\n\t\t\t\tFotos cortes\u00eda de FUNDAECO\n\t\t\t\t<\/figcaption><\/figure><figure class='gallery-item'>\n\t\t\t<div class='gallery-icon landscape'>\n\t\t\t\t<a href='https:\/\/soy.usac.edu.gt\/?attachment_id=8067'><img loading=\"lazy\" decoding=\"async\" width=\"150\" height=\"150\" src=\"https:\/\/soy.usac.edu.gt\/wp-content\/uploads\/2019\/09\/WhatsApp-Image-2019-09-04-at-11.04.06-1-150x150.jpeg\" class=\"attachment-thumbnail size-thumbnail\" alt=\"\" aria-describedby=\"gallery-1-8067\" \/><\/a>\n\t\t\t<\/div>\n\t\t\t\t<figcaption class='wp-caption-text gallery-caption' id='gallery-1-8067'>\n\t\t\t\tFotos cortes\u00eda de FUNDAECO\n\t\t\t\t<\/figcaption><\/figure><figure class='gallery-item'>\n\t\t\t<div class='gallery-icon portrait'>\n\t\t\t\t<a href='https:\/\/soy.usac.edu.gt\/?attachment_id=8068'><img loading=\"lazy\" decoding=\"async\" width=\"150\" height=\"150\" src=\"https:\/\/soy.usac.edu.gt\/wp-content\/uploads\/2019\/09\/WhatsApp-Image-2019-09-04-at-11.04.06-150x150.jpeg\" class=\"attachment-thumbnail size-thumbnail\" alt=\"\" aria-describedby=\"gallery-1-8068\" \/><\/a>\n\t\t\t<\/div>\n\t\t\t\t<figcaption class='wp-caption-text gallery-caption' id='gallery-1-8068'>\n\t\t\t\tFotos cortes\u00eda de FUNDAECO\n\t\t\t\t<\/figcaption><\/figure><figure class='gallery-item'>\n\t\t\t<div class='gallery-icon landscape'>\n\t\t\t\t<a href='https:\/\/soy.usac.edu.gt\/?attachment_id=8069'><img loading=\"lazy\" decoding=\"async\" width=\"150\" height=\"150\" src=\"https:\/\/soy.usac.edu.gt\/wp-content\/uploads\/2019\/09\/WhatsApp-Image-2019-09-04-at-11.04.07-150x150.jpeg\" class=\"attachment-thumbnail size-thumbnail\" alt=\"\" aria-describedby=\"gallery-1-8069\" \/><\/a>\n\t\t\t<\/div>\n\t\t\t\t<figcaption class='wp-caption-text gallery-caption' id='gallery-1-8069'>\n\t\t\t\tFotos cortes\u00eda de FUNDAECO\n\t\t\t\t<\/figcaption><\/figure><figure class='gallery-item'>\n\t\t\t<div class='gallery-icon landscape'>\n\t\t\t\t<a href='https:\/\/soy.usac.edu.gt\/?attachment_id=8070'><img loading=\"lazy\" decoding=\"async\" width=\"150\" height=\"150\" src=\"https:\/\/soy.usac.edu.gt\/wp-content\/uploads\/2019\/09\/WhatsApp-Image-2019-09-04-at-11.04.08-1-150x150.jpeg\" class=\"attachment-thumbnail size-thumbnail\" alt=\"\" aria-describedby=\"gallery-1-8070\" \/><\/a>\n\t\t\t<\/div>\n\t\t\t\t<figcaption class='wp-caption-text gallery-caption' id='gallery-1-8070'>\n\t\t\t\tFotos cortes\u00eda de FUNDAECO\n\t\t\t\t<\/figcaption><\/figure><figure class='gallery-item'>\n\t\t\t<div class='gallery-icon landscape'>\n\t\t\t\t<a href='https:\/\/soy.usac.edu.gt\/?attachment_id=8071'><img loading=\"lazy\" decoding=\"async\" width=\"150\" height=\"150\" src=\"https:\/\/soy.usac.edu.gt\/wp-content\/uploads\/2019\/09\/WhatsApp-Image-2019-09-04-at-11.04.08-2-150x150.jpeg\" class=\"attachment-thumbnail size-thumbnail\" alt=\"\" aria-describedby=\"gallery-1-8071\" \/><\/a>\n\t\t\t<\/div>\n\t\t\t\t<figcaption class='wp-caption-text gallery-caption' id='gallery-1-8071'>\n\t\t\t\tFotos cortes\u00eda de FUNDAECO\n\t\t\t\t<\/figcaption><\/figure><figure class='gallery-item'>\n\t\t\t<div class='gallery-icon landscape'>\n\t\t\t\t<a href='https:\/\/soy.usac.edu.gt\/?attachment_id=8073'><img loading=\"lazy\" decoding=\"async\" width=\"150\" height=\"150\" src=\"https:\/\/soy.usac.edu.gt\/wp-content\/uploads\/2019\/09\/WhatsApp-Image-2019-09-04-at-11.04.09-150x150.jpeg\" class=\"attachment-thumbnail size-thumbnail\" alt=\"\" \/><\/a>\n\t\t\t<\/div><\/figure>\n\t\t<\/div>\n\n<p style=\"text-align: justify;\"><span style=\"font-weight: 400;\">\u201cEl cambio clim\u00e1tico est\u00e1 impactando en el mundo, en los bosques provoca incendios forestales, pero olvidamos que tambi\u00e9n est\u00e1 haciendo da\u00f1o a los oc\u00e9anos, se est\u00e1n acidificando las aguas. Los corales se est\u00e1n muriendo, solo en los \u00faltimos dos a\u00f1os ha desaparecido el 50 % de los arrecifes del planeta\u201d. Se\u00f1ala Marco Vinicio Bland\u00f3n, director de Fundaeco.\u00a0<\/span><\/p>\n<p style=\"text-align: justify;\"><span style=\"font-weight: 400;\">Este evento destaca la importancia de conservar los recursos marinos de Guatemala y del planeta. Surgi\u00f3 por la necesidad de crear espacios para la discusi\u00f3n de la problem\u00e1tica de los oc\u00e9anos y mares de Guatemala.<\/span><\/p>\n<p style=\"text-align: justify;\"><span style=\"font-weight: 400;\">Jos\u00e9 Roberto Ortiz, catedr\u00e1tico del CEMA, explica que este evento da a conocer toda la investigaci\u00f3n cient\u00edfica en el \u00e1mbito marino costero relacionada con el cambio clim\u00e1tico. \u201cEs un espacio para el intercambio de ideas\u00a0 y conocimiento, una plataforma para generar m\u00e1s investigaci\u00f3n e identificar las l\u00edneas en las que debemos trabajar m\u00e1s\u201d.<\/span><\/p>\n<p><img loading=\"lazy\" decoding=\"async\" class=\"aligncenter size-full wp-image-8074\" src=\"https:\/\/soy.usac.edu.gt\/wp-content\/uploads\/2019\/09\/Cr\u00e9ditos-prensa-06.png\" alt=\"\" width=\"5079\" height=\"1960\" srcset=\"https:\/\/soy.usac.edu.gt\/wp-content\/uploads\/2019\/09\/Cr\u00e9ditos-prensa-06.png 5079w, https:\/\/soy.usac.edu.gt\/wp-content\/uploads\/2019\/09\/Cr\u00e9ditos-prensa-06-300x116.png 300w, https:\/\/soy.usac.edu.gt\/wp-content\/uploads\/2019\/09\/Cr\u00e9ditos-prensa-06-768x296.png 768w, https:\/\/soy.usac.edu.gt\/wp-content\/uploads\/2019\/09\/Cr\u00e9ditos-prensa-06-1024x395.png 1024w, https:\/\/soy.usac.edu.gt\/wp-content\/uploads\/2019\/09\/Cr\u00e9ditos-prensa-06-1088x420.png 1088w, https:\/\/soy.usac.edu.gt\/wp-content\/uploads\/2019\/09\/Cr\u00e9ditos-prensa-06-640x247.png 640w, https:\/\/soy.usac.edu.gt\/wp-content\/uploads\/2019\/09\/Cr\u00e9ditos-prensa-06-681x263.png 681w\" sizes=\"auto, (max-width: 5079px) 100vw, 5079px\" \/><\/p>\n<p style=\"text-align: justify;\">\u00a0<\/p>\n","protected":false},"excerpt":{"rendered":"<p>La Universidad de San Carlos de Guatemala y la Universidad del Valle, en conjunto con Fundaeco, realizan el Segundo Simposio Nacional Marino Costero.<\/p>\n","protected":false},"author":1,"featured_media":8077,"comment_status":"closed","ping_status":"open","sticky":false,"template":"","format":"standard","meta":{"_exactmetrics_skip_tracking":false,"_exactmetrics_sitenote_active":false,"_exactmetrics_sitenote_note":"","_exactmetrics_sitenote_category":0,"_jetpack_memberships_contains_paid_content":false,"footnotes":""},"categories":[122,29],"tags":[526],"class_list":["post-8058","post","type-post","status-publish","format-standard","has-post-thumbnail","hentry","category-ciencia-y-tecnologia","category-noticias","tag-cema"],"aioseo_notices":[],"jetpack_featured_media_url":"https:\/\/soy.usac.edu.gt\/wp-content\/uploads\/2019\/09\/pescadores.jpg","views":"","jetpack-related-posts":[{"id":15535,"url":"https:\/\/soy.usac.edu.gt\/?p=15535","url_meta":{"origin":8058,"position":0},"title":"Realizan simposio internacional sobre resistencia microbiana","author":"Divisi\u00f3n de Publicidad","date":"23 octubre, 2021","format":false,"excerpt":"El simposio \u201cEvoluci\u00f3n, impacto y perspectivas actuales y futuras de la resistencia antimicrobiana\u201d cont\u00f3 con la participaci\u00f3n de alrededor de 500 personas de 19 pa\u00edses.","rel":"","context":"En \u00abCiencia y Tecnolog\u00eda\u00bb","block_context":{"text":"Ciencia y Tecnolog\u00eda","link":"https:\/\/soy.usac.edu.gt\/?cat=122"},"img":{"alt_text":"","src":"https:\/\/i0.wp.com\/soy.usac.edu.gt\/wp-content\/uploads\/2021\/10\/WhatsApp-Image-2021-10-22-at-14.45.49.jpeg?resize=350%2C200&ssl=1","width":350,"height":200,"srcset":"https:\/\/i0.wp.com\/soy.usac.edu.gt\/wp-content\/uploads\/2021\/10\/WhatsApp-Image-2021-10-22-at-14.45.49.jpeg?resize=350%2C200&ssl=1 1x, https:\/\/i0.wp.com\/soy.usac.edu.gt\/wp-content\/uploads\/2021\/10\/WhatsApp-Image-2021-10-22-at-14.45.49.jpeg?resize=525%2C300&ssl=1 1.5x, https:\/\/i0.wp.com\/soy.usac.edu.gt\/wp-content\/uploads\/2021\/10\/WhatsApp-Image-2021-10-22-at-14.45.49.jpeg?resize=700%2C400&ssl=1 2x, https:\/\/i0.wp.com\/soy.usac.edu.gt\/wp-content\/uploads\/2021\/10\/WhatsApp-Image-2021-10-22-at-14.45.49.jpeg?resize=1050%2C600&ssl=1 3x, https:\/\/i0.wp.com\/soy.usac.edu.gt\/wp-content\/uploads\/2021\/10\/WhatsApp-Image-2021-10-22-at-14.45.49.jpeg?resize=1400%2C800&ssl=1 4x"},"classes":[]},{"id":6366,"url":"https:\/\/soy.usac.edu.gt\/?p=6366","url_meta":{"origin":8058,"position":1},"title":"Soluciones innovadoras para el manejo de residuos pl\u00e1sticos","author":"Divisi\u00f3n de Publicidad","date":"24 mayo, 2019","format":false,"excerpt":"A trav\u00e9s de un simposio organizado por el Centro de Estudios del Mar y Acuicultura, expositores nacionales e internacionales conversaron sobre las soluciones innovadoras para el manejo de los residuos pl\u00e1sticos.","rel":"","context":"En \u00abCiencia y Tecnolog\u00eda\u00bb","block_context":{"text":"Ciencia y Tecnolog\u00eda","link":"https:\/\/soy.usac.edu.gt\/?cat=122"},"img":{"alt_text":"","src":"https:\/\/i0.wp.com\/soy.usac.edu.gt\/wp-content\/uploads\/2019\/05\/DSC_0098.jpg?resize=350%2C200&ssl=1","width":350,"height":200,"srcset":"https:\/\/i0.wp.com\/soy.usac.edu.gt\/wp-content\/uploads\/2019\/05\/DSC_0098.jpg?resize=350%2C200&ssl=1 1x, https:\/\/i0.wp.com\/soy.usac.edu.gt\/wp-content\/uploads\/2019\/05\/DSC_0098.jpg?resize=525%2C300&ssl=1 1.5x, https:\/\/i0.wp.com\/soy.usac.edu.gt\/wp-content\/uploads\/2019\/05\/DSC_0098.jpg?resize=700%2C400&ssl=1 2x, https:\/\/i0.wp.com\/soy.usac.edu.gt\/wp-content\/uploads\/2019\/05\/DSC_0098.jpg?resize=1050%2C600&ssl=1 3x, https:\/\/i0.wp.com\/soy.usac.edu.gt\/wp-content\/uploads\/2019\/05\/DSC_0098.jpg?resize=1400%2C800&ssl=1 4x"},"classes":[]},{"id":20712,"url":"https:\/\/soy.usac.edu.gt\/?p=20712","url_meta":{"origin":8058,"position":2},"title":"Simposio sobre Investigaci\u00f3n y Salud P\u00fablica en Guatemala re\u00fane a expertos y autoridades en la USAC","author":"Divisi\u00f3n de Publicidad","date":"11 septiembre, 2024","format":false,"excerpt":"El auditorio de la Facultad de Ciencias M\u00e9dicas de la Universidad de San Carlos de Guatemala (USAC) fue el escenario del Simposio sobre Investigaci\u00f3n y Salud P\u00fablica, un evento organizado por la Direcci\u00f3n General de Investigaci\u00f3n (DIGI) en colaboraci\u00f3n con la USAC. \u00a0 La actividad, realizada con el objetivo de\u2026","rel":"","context":"En \u00abCiencia y Tecnolog\u00eda\u00bb","block_context":{"text":"Ciencia y Tecnolog\u00eda","link":"https:\/\/soy.usac.edu.gt\/?cat=122"},"img":{"alt_text":"","src":"https:\/\/i0.wp.com\/soy.usac.edu.gt\/wp-content\/uploads\/2024\/09\/WhatsApp-Image-2024-09-11-at-3.28.54-PM-1-1.jpeg?resize=350%2C200&ssl=1","width":350,"height":200,"srcset":"https:\/\/i0.wp.com\/soy.usac.edu.gt\/wp-content\/uploads\/2024\/09\/WhatsApp-Image-2024-09-11-at-3.28.54-PM-1-1.jpeg?resize=350%2C200&ssl=1 1x, https:\/\/i0.wp.com\/soy.usac.edu.gt\/wp-content\/uploads\/2024\/09\/WhatsApp-Image-2024-09-11-at-3.28.54-PM-1-1.jpeg?resize=525%2C300&ssl=1 1.5x, https:\/\/i0.wp.com\/soy.usac.edu.gt\/wp-content\/uploads\/2024\/09\/WhatsApp-Image-2024-09-11-at-3.28.54-PM-1-1.jpeg?resize=700%2C400&ssl=1 2x, https:\/\/i0.wp.com\/soy.usac.edu.gt\/wp-content\/uploads\/2024\/09\/WhatsApp-Image-2024-09-11-at-3.28.54-PM-1-1.jpeg?resize=1050%2C600&ssl=1 3x, https:\/\/i0.wp.com\/soy.usac.edu.gt\/wp-content\/uploads\/2024\/09\/WhatsApp-Image-2024-09-11-at-3.28.54-PM-1-1.jpeg?resize=1400%2C800&ssl=1 4x"},"classes":[]},{"id":22331,"url":"https:\/\/soy.usac.edu.gt\/?p=22331","url_meta":{"origin":8058,"position":3},"title":"USAC inaugura el IV Simposio Latinoamericano y del Caribe 2025","author":"Divisi\u00f3n de Publicidad","date":"10 noviembre, 2025","format":false,"excerpt":"La Universidad de San Carlos de Guatemala inaugur\u00f3 el IV Simposio Latinoamericano y del Caribe: \u201cResponsabilidad y compromiso universitario: crisis humanitaria, la migraci\u00f3n y su impacto en las Instituciones de Educaci\u00f3n Superior (IES)\u201d, celebrado este 10 de noviembre de 2025 en la Facultad de Humanidades.El acto protocolario dio inicio con\u2026","rel":"","context":"En \u00abActividades\u00bb","block_context":{"text":"Actividades","link":"https:\/\/soy.usac.edu.gt\/?cat=126"},"img":{"alt_text":"","src":"https:\/\/i0.wp.com\/soy.usac.edu.gt\/wp-content\/uploads\/2025\/11\/WhatsApp-Image-2025-11-13-at-9.24.25-AM-17.jpeg?resize=350%2C200&ssl=1","width":350,"height":200,"srcset":"https:\/\/i0.wp.com\/soy.usac.edu.gt\/wp-content\/uploads\/2025\/11\/WhatsApp-Image-2025-11-13-at-9.24.25-AM-17.jpeg?resize=350%2C200&ssl=1 1x, https:\/\/i0.wp.com\/soy.usac.edu.gt\/wp-content\/uploads\/2025\/11\/WhatsApp-Image-2025-11-13-at-9.24.25-AM-17.jpeg?resize=525%2C300&ssl=1 1.5x, https:\/\/i0.wp.com\/soy.usac.edu.gt\/wp-content\/uploads\/2025\/11\/WhatsApp-Image-2025-11-13-at-9.24.25-AM-17.jpeg?resize=700%2C400&ssl=1 2x, https:\/\/i0.wp.com\/soy.usac.edu.gt\/wp-content\/uploads\/2025\/11\/WhatsApp-Image-2025-11-13-at-9.24.25-AM-17.jpeg?resize=1050%2C600&ssl=1 3x, https:\/\/i0.wp.com\/soy.usac.edu.gt\/wp-content\/uploads\/2025\/11\/WhatsApp-Image-2025-11-13-at-9.24.25-AM-17.jpeg?resize=1400%2C800&ssl=1 4x"},"classes":[]},{"id":11015,"url":"https:\/\/soy.usac.edu.gt\/?p=11015","url_meta":{"origin":8058,"position":4},"title":"El Centro Universitario de Izabal \u201cCUNIZAB\u201d, demanda a las autoridades competentes el cumplimiento del 5% constitucional","author":"Divisi\u00f3n de Publicidad","date":"6 marzo, 2020","format":false,"excerpt":"Reiteramos el respaldo absoluto del Centro Universitario de Izabal hacia el honorable Consejo Superior Universitario, por la lucha constante en la dignificaci\u00f3n de nuestros derechos.","rel":"","context":"En \u00abNoticias\u00bb","block_context":{"text":"Noticias","link":"https:\/\/soy.usac.edu.gt\/?cat=29"},"img":{"alt_text":"","src":"","width":0,"height":0},"classes":[]},{"id":3073,"url":"https:\/\/soy.usac.edu.gt\/?p=3073","url_meta":{"origin":8058,"position":5},"title":"Abrir\u00e1n nueva sede de la USAC en Mixco","author":"Divisi\u00f3n de Publicidad","date":"9 noviembre, 2018","format":false,"excerpt":"La Universidad de San Carlos de Guatemala firm\u00f3 un convenio de cooperaci\u00f3n interinstitucional con la Municipalidad de Mixco para constituir un centro universitario en ese municipio. Con la presencia del rector de la USAC, Ing. Murphy Paiz; secretario general, Arq. Carlos Valladares; coordinador de Cooperaci\u00f3n y Relaciones Internacionales, Dr. Carlos\u2026","rel":"","context":"En \u00abNoticias\u00bb","block_context":{"text":"Noticias","link":"https:\/\/soy.usac.edu.gt\/?cat=29"},"img":{"alt_text":"","src":"https:\/\/i0.wp.com\/soy.usac.edu.gt\/wp-content\/uploads\/2018\/11\/WhatsApp-Image-2018-11-09-at-9.31.30-AM-1.jpeg?resize=350%2C200&ssl=1","width":350,"height":200,"srcset":"https:\/\/i0.wp.com\/soy.usac.edu.gt\/wp-content\/uploads\/2018\/11\/WhatsApp-Image-2018-11-09-at-9.31.30-AM-1.jpeg?resize=350%2C200&ssl=1 1x, https:\/\/i0.wp.com\/soy.usac.edu.gt\/wp-content\/uploads\/2018\/11\/WhatsApp-Image-2018-11-09-at-9.31.30-AM-1.jpeg?resize=525%2C300&ssl=1 1.5x, https:\/\/i0.wp.com\/soy.usac.edu.gt\/wp-content\/uploads\/2018\/11\/WhatsApp-Image-2018-11-09-at-9.31.30-AM-1.jpeg?resize=700%2C400&ssl=1 2x"},"classes":[]}],"jetpack_sharing_enabled":true,"_links":{"self":[{"href":"https:\/\/soy.usac.edu.gt\/index.php?rest_route=\/wp\/v2\/posts\/8058","targetHints":{"allow":["GET"]}}],"collection":[{"href":"https:\/\/soy.usac.edu.gt\/index.php?rest_route=\/wp\/v2\/posts"}],"about":[{"href":"https:\/\/soy.usac.edu.gt\/index.php?rest_route=\/wp\/v2\/types\/post"}],"author":[{"embeddable":true,"href":"https:\/\/soy.usac.edu.gt\/index.php?rest_route=\/wp\/v2\/users\/1"}],"replies":[{"embeddable":true,"href":"https:\/\/soy.usac.edu.gt\/index.php?rest_route=%2Fwp%2Fv2%2Fcomments&post=8058"}],"version-history":[{"count":0,"href":"https:\/\/soy.usac.edu.gt\/index.php?rest_route=\/wp\/v2\/posts\/8058\/revisions"}],"wp:featuredmedia":[{"embeddable":true,"href":"https:\/\/soy.usac.edu.gt\/index.php?rest_route=\/wp\/v2\/media\/8077"}],"wp:attachment":[{"href":"https:\/\/soy.usac.edu.gt\/index.php?rest_route=%2Fwp%2Fv2%2Fmedia&parent=8058"}],"wp:term":[{"taxonomy":"category","embeddable":true,"href":"https:\/\/soy.usac.edu.gt\/index.php?rest_route=%2Fwp%2Fv2%2Fcategories&post=8058"},{"taxonomy":"post_tag","embeddable":true,"href":"https:\/\/soy.usac.edu.gt\/index.php?rest_route=%2Fwp%2Fv2%2Ftags&post=8058"}],"curies":[{"name":"wp","href":"https:\/\/api.w.org\/{rel}","templated":true}]}}