{"id":8946,"date":"2019-10-17T14:07:02","date_gmt":"2019-10-17T20:07:02","guid":{"rendered":"https:\/\/soy.usac.edu.gt\/?p=8946"},"modified":"2019-11-14T11:43:36","modified_gmt":"2019-11-14T17:43:36","slug":"participa-en-el-congreso-de-comunicacion-visual-rayarte-2019","status":"publish","type":"post","link":"https:\/\/soy.usac.edu.gt\/?p=8946","title":{"rendered":"Participa en el congreso de comunicaci\u00f3n visual Rayarte\u00a0 2019"},"content":{"rendered":"\n<h5><i><b>Estudiantes de Dise\u00f1o Gr\u00e1fico de la Facultad de Arquitectura llevar\u00e1n a cabo un congreso enfocado en comunicaci\u00f3n y dise\u00f1o. <\/b><\/i><\/h5>\n<p><b>Por Allan Garc\u00eda<\/b><\/p>\n<p style=\"text-align: justify;\"><span style=\"font-weight: 400;\">Rayarte es un congreso de comunicaci\u00f3n visual, organizado por estudiantes del sexto ciclo de la Escuela de Dise\u00f1o Gr\u00e1fico de la Facultad de Arquitectura de la USAC. <\/span><\/p>\n<p style=\"text-align: justify;\"><span style=\"font-weight: 400;\">Durante este evento se realizar\u00e1n diferentes actividades; entre ellas, conferencias y talleres, que ser\u00e1n impartidos por profesionales de Dise\u00f1o Gr\u00e1fico. Como parte de las actividades se desarrollar\u00e1n eventos acad\u00e9micos sobre ilustraci\u00f3n, cine, comic packaging\/branding, fotograf\u00eda anal\u00f3gica, tipograf\u00eda, 3 D, dise\u00f1o web, posproducci\u00f3n, entre otros.\u00a0<\/span><\/p>\n<p style=\"text-align: justify;\">Los invitados que participar\u00e1n como conferencistas son Jorge de la Paz, Costa Rica; Luis Castillejos, M\u00e9xico; y <span style=\"font-weight: 400;\">Rub\u00e9n Chumillas, Espa\u00f1a.\u00a0 Como talleristas participar\u00e1 Anderson de Mata, fot\u00f3grafo y Kenneth Muller, cineasta (ambos de Guatemala); Oliver Siegenthaler, de Colombia, entre otros.\u00a0<\/span><\/p>\n<figure id=\"attachment_9019\" aria-describedby=\"caption-attachment-9019\" style=\"width: 6240px\" class=\"wp-caption aligncenter\"><img loading=\"lazy\" decoding=\"async\" class=\"wp-image-9019 size-full\" src=\"https:\/\/soy.usac.edu.gt\/wp-content\/uploads\/2019\/10\/11-4.jpg\" alt=\"\" width=\"6240\" height=\"4160\" srcset=\"https:\/\/soy.usac.edu.gt\/wp-content\/uploads\/2019\/10\/11-4.jpg 6240w, https:\/\/soy.usac.edu.gt\/wp-content\/uploads\/2019\/10\/11-4-300x200.jpg 300w, https:\/\/soy.usac.edu.gt\/wp-content\/uploads\/2019\/10\/11-4-768x512.jpg 768w, https:\/\/soy.usac.edu.gt\/wp-content\/uploads\/2019\/10\/11-4-1024x683.jpg 1024w, https:\/\/soy.usac.edu.gt\/wp-content\/uploads\/2019\/10\/11-4-630x420.jpg 630w, https:\/\/soy.usac.edu.gt\/wp-content\/uploads\/2019\/10\/11-4-640x427.jpg 640w, https:\/\/soy.usac.edu.gt\/wp-content\/uploads\/2019\/10\/11-4-681x454.jpg 681w\" sizes=\"auto, (max-width: 6240px) 100vw, 6240px\" \/><figcaption id=\"caption-attachment-9019\" class=\"wp-caption-text\">Fotograf\u00eda Edson Lozano<\/figcaption><\/figure>\n<p><span style=\"font-weight: 400;\"><strong>Participa en el Pre Rayarte, <\/strong>donde se llevar\u00e1n a cabo actividades antes del festival, estas se<\/span><span style=\"font-weight: 400;\"> realizar\u00e1n en los edificios T-1 y T-2 de la Facultad de Arquitectura.<\/span><\/p>\n<p><b>Martes 22 de octubre<\/b><\/p>\n<p><span style=\"font-weight: 400;\">Graciela L\u00f3pez (GT) Lettering: de 14:00 a 16:00 horas.<\/span><\/p>\n<p><span style=\"font-weight: 400;\">Luisfer Izquierdo, muralista: de 14:00 a 16:00 horas.<\/span><\/p>\n<p><b>Mi\u00e9rcoles 23 de octubre<\/b><\/p>\n<p><span style=\"font-weight: 400;\">Klap Studio (GUA): este es un taller de arte visual y producci\u00f3n exclusivo para docentes, se realizar\u00e1 de 09:00 a 11:00 horas.<\/span><span style=\"font-weight: 400;\">\u00a0<\/span><\/p>\n<p><span style=\"font-weight: 400;\">Fototeca (GT): esta es una conferencia de fotograf\u00eda y se realizar\u00e1 de 15:00 a 17:00 horas.<\/span><\/p>\n<p><b>Jueves 24 de octubre\u00a0<\/b><\/p>\n<p><span style=\"font-weight: 400;\">Gabriel Cord\u00f3n (GT): consiste en animaci\u00f3n\/multimedia, se realizar\u00e1 de 14:00 a 16:00 horas.<\/span><\/p>\n<p><span style=\"font-weight: 400;\">\u00a0Sua Agape (GT), ilustraci\u00f3n: se realizar\u00e1 de 14:00 a 16:00 horas.<\/span><\/p>\n<p><strong>Para participar en el Festival Rayarte 2019<\/strong><\/p>\n<p><span style=\"font-weight: 400;\">El festival se llevar\u00e1 a cabo este 25 de octubre en el Grand Tikal Futura Hotel de 08:00 a. m. a 20:00 p. m<\/span><span style=\"font-weight: 400;\">.\u00a0<\/span><\/p>\n<p><strong>Entradas:\u00a0<\/strong><\/p>\n<p>Entrada general:\u00a0 Q 350.00; entrada VIP: Q 450.00;\u00a0 Pre Rayarte: Q 60.00<\/p>\n<p><span style=\"font-weight: 400;\"><strong>La entrada general<\/strong> incluye ingreso a todas las conferencias, acceso a un taller, entrada a la fiesta de cierre, 2 coffee breaks y el kit de bienvenida, que contiene un lapicero, pin, libreta tipo sketchbook, resaltador y bolsa.<\/span><\/p>\n<p><b><i>La entrada VIP <\/i><\/b><span style=\"font-weight: 400;\">incluye el ingreso a todas las conferencias, taller de Pre Rayarte<\/span><span style=\"font-weight: 400;\">, acceso a la fiesta de cierre, 2 coffee breaks, kit de bienvenida, que incluye un lapicero, pin, libreta tipo sketchbook, sticker, resaltador, bolsa y playera.<\/span><\/p>\n<ul>\n<li style=\"font-weight: 400;\"><span style=\"font-weight: 400;\">Cero colas para los coffee breaks.<\/span><\/li>\n<li style=\"font-weight: 400;\"><span style=\"font-weight: 400;\">Eres el primero en entrar a los talleres.<\/span><\/li>\n<li style=\"font-weight: 400;\"><span style=\"font-weight: 400;\">Reserva de las primeras filas de las conferencias.<\/span><\/li>\n<\/ul>\n<p><b><i>Pre Rayarte:<\/i><\/b><\/p>\n<p><span style=\"font-weight: 400;\">Entrada a un taller y conferencia de Pre Rayarte, si eres VIP tienes acceso a ambas sin ning\u00fan costo adicional.<\/span><\/p>\n<p><span style=\"font-weight: 400;\">\u00a0<\/span><\/p>\n<h3><span style=\"color: #00ccff;\"><a style=\"color: #00ccff;\" href=\"http:\/\/rayarte.farusac.edu.gt\/u-ticket\/\">Adquiere ac\u00e1 tus entradas<\/a><\/span><\/h3>\n<figure id=\"attachment_9020\" aria-describedby=\"caption-attachment-9020\" style=\"width: 4810px\" class=\"wp-caption aligncenter\"><img loading=\"lazy\" decoding=\"async\" class=\"wp-image-9020 size-full\" src=\"https:\/\/soy.usac.edu.gt\/wp-content\/uploads\/2019\/10\/20-3.jpg\" alt=\"\" width=\"4810\" height=\"3207\" srcset=\"https:\/\/soy.usac.edu.gt\/wp-content\/uploads\/2019\/10\/20-3.jpg 4810w, https:\/\/soy.usac.edu.gt\/wp-content\/uploads\/2019\/10\/20-3-300x200.jpg 300w, https:\/\/soy.usac.edu.gt\/wp-content\/uploads\/2019\/10\/20-3-768x512.jpg 768w, https:\/\/soy.usac.edu.gt\/wp-content\/uploads\/2019\/10\/20-3-1024x683.jpg 1024w, https:\/\/soy.usac.edu.gt\/wp-content\/uploads\/2019\/10\/20-3-630x420.jpg 630w, https:\/\/soy.usac.edu.gt\/wp-content\/uploads\/2019\/10\/20-3-640x427.jpg 640w, https:\/\/soy.usac.edu.gt\/wp-content\/uploads\/2019\/10\/20-3-681x454.jpg 681w\" sizes=\"auto, (max-width: 4810px) 100vw, 4810px\" \/><figcaption id=\"caption-attachment-9020\" class=\"wp-caption-text\">Fotograf\u00eda Edson Lozano<\/figcaption><\/figure>\n<h3><em><strong>AGENDA<\/strong><\/em><\/h3>\n<p><b>Conferencistas Tikal:\u00a0<\/b><\/p>\n<p><span style=\"font-weight: 400;\">07:30 a 08:00: i<\/span><b>nscripci\u00f3n y recepci\u00f3n de entradas<\/b><\/p>\n<p><span style=\"font-weight: 400;\">08:00 a 08:15:<\/span><b> apertura de evento<\/b><\/p>\n<p><span style=\"font-weight: 400;\">08:15 a 09:15 (ES) Ruben Chumilas: tipograf\u00eda\u00a0<\/span><\/p>\n<p><span style=\"font-weight: 400;\">09:15 a 10:25 (GT) Wet Plate: fotograf\u00eda an\u00e1loga\u00a0<\/span><\/p>\n<p><span style=\"font-weight: 400;\">10:25 a 10:40: c<\/span><b>offee break<\/b><span style=\"font-weight: 400;\">\u00a0<\/span><\/p>\n<p><span style=\"font-weight: 400;\">10:40 a 11:50 (GT) Wilker Velazques: direcci\u00f3n de arte\u00a0<\/span><\/p>\n<p><span style=\"font-weight: 400;\">11:50 a 13:00 (CR) Jorge de la Paz: ilustraci\u00f3n, ser ilustrador en tiempos de redes sociales.<\/span><\/p>\n<p><span style=\"font-weight: 400;\">13:00 a 14:00: <\/span><b>almuerzo (no incluido).<\/b><\/p>\n<p><span style=\"font-weight: 400;\">14:00 a 15:10 (MX) Luis Catillejos: comic, la pasi\u00f3n de narrar historias.\u00a0<\/span><\/p>\n<p><span style=\"font-weight: 400;\">15:10 a 16:20 (CO): Oliver Siegenthaler packaging branding.<\/span><\/p>\n<p><span style=\"font-weight: 400;\">16:20 a 16:35: c<\/span><b>offee break.<\/b><\/p>\n<p><span style=\"font-weight: 400;\">16:35 a 17:45 (GT) Kenneth Muller: cine.<\/span><\/p>\n<p><span style=\"font-weight: 400;\">17:45 a 18:55 (GT) Samael Solorzano: tipograf\u00eda.\u00a0<\/span><\/p>\n<p><br \/><b>Talleristas Milan:<\/b><\/p>\n<p><span style=\"font-weight: 400;\">07:30 a 08:00: i<\/span>nscripci\u00f3n y recepci\u00f3n de entradas.<\/p>\n<p><span style=\"font-weight: 400;\">08:00 a 08:15: a<\/span>pertura de evento.<\/p>\n<p><span style=\"font-weight: 400;\">08:15 a 10:25 (CO) Oliver Siegenthaler: packaging branding.<\/span><\/p>\n<p><span style=\"font-weight: 400;\">10:25 a 10:40: c<\/span>offee break.<\/p>\n<p><span style=\"font-weight: 400;\">10:40 a 13:00\u00a0 (GT) Kenneth Muller: cine.<\/span><\/p>\n<p><span style=\"font-weight: 400;\">13:00 a 14:00: a<\/span><b>lmuerzo (no incluido).<\/b><\/p>\n<p><span style=\"font-weight: 400;\">14:00 a 16:20 (ES) Ruben Chumilas: tipograf\u00eda.<\/span><\/p>\n<p><span style=\"font-weight: 400;\">16:20 a 16:35: c<\/span><b>offee break.<\/b><\/p>\n<p><span style=\"font-weight: 400;\">16:35 a 18:55 (CR) Jorge de la Paz:\u00a0 ilustraci\u00f3n.\u00a0<\/span><\/p>\n<p><b>Talleristas, Tokio:<\/b><\/p>\n<p><span style=\"font-weight: 400;\">07:30 a 08:00: i<\/span><b>nscripci\u00f3n y recepci\u00f3n de entradas.<\/b><\/p>\n<p><span style=\"font-weight: 400;\">08:00 a 08:15: a<\/span><b>pertura de evento.<\/b><\/p>\n<p><span style=\"font-weight: 400;\">08:15 a 10:25\u00a0 (GT) Samael Solorzano: tipograf\u00eda.\u00a0<\/span><\/p>\n<p><span style=\"font-weight: 400;\">10:25 a 10:40: c<\/span><b>offee break.<\/b><\/p>\n<p><span style=\"font-weight: 400;\">10:40 a 13:00\u00a0 (MX) Luis Castillejos: comic.<\/span><\/p>\n<p><span style=\"font-weight: 400;\">13:00 a 14:00: a<\/span><b>lmuerzo (no incluido).<\/b><\/p>\n<p><span style=\"font-weight: 400;\">14:00 a 16:20 (GT) Wonder Studio: posproducci\u00f3n.<\/span><\/p>\n<p><span style=\"font-weight: 400;\">16:20 a 16:35: <strong>c<\/strong><\/span><b>offee break.<\/b><\/p>\n<p><span style=\"font-weight: 400;\">16:35 a 18:55\u00a0 (GT) Anderson de\u00a0 Mata: fotograf\u00eda.<\/span><\/p>\n<p><b>Talleristas Londres:<\/b><\/p>\n<p><span style=\"font-weight: 400;\">07:30 a 08:00: i<\/span><b>nscripci\u00f3n y recepci\u00f3n de entradas.<\/b><\/p>\n<p><span style=\"font-weight: 400;\">08:00 a 08:15: a<\/span><b>pertura de evento.<\/b><\/p>\n<p><span style=\"font-weight: 400;\">08:15 a 10:25 (GT) Quicho: 3 D.<\/span><\/p>\n<p><span style=\"font-weight: 400;\">10:25 a 10:40: c<\/span><b>offee break.<\/b><span style=\"font-weight: 400;\">\u00a0<\/span><\/p>\n<p><span style=\"font-weight: 400;\">10:40 a 13:00 (GT) Popcorn Agency: marketing.\u00a0<\/span><\/p>\n<p><span style=\"font-weight: 400;\">13:00 a 14:00: a<\/span><b>lmuerzo (no incluido).<\/b><\/p>\n<p><span style=\"font-weight: 400;\">14:00 a 16:20 Klap Studio: arte visual, producci\u00f3n,\u00a0 taller solo para docentes.<\/span><\/p>\n<p><span style=\"font-weight: 400;\">16:20 a 16:35: c<\/span><b>offee break.<\/b><\/p>\n<p><span style=\"font-weight: 400;\">16:35 a 18:55 (GT) Royale Studios: dise\u00f1o web.<\/span><\/p>\n<p><span style=\"font-weight: 400;\">18:55 a 19:45: se realizar\u00e1 el conservatorio.<\/span><\/p>\n<p><span style=\"font-weight: 400;\">19:45 a 20:00: clausura de evento.<\/span><\/p>\n<p><span style=\"font-weight: 400;\">20:00 a 01:00: fiesta de cierre en el Club Majadas, zona 11.<\/span><\/p>\n<p>\u00a0<\/p>\n","protected":false},"excerpt":{"rendered":"","protected":false},"author":1,"featured_media":8998,"comment_status":"closed","ping_status":"open","sticky":false,"template":"","format":"standard","meta":{"_exactmetrics_skip_tracking":false,"_exactmetrics_sitenote_active":false,"_exactmetrics_sitenote_note":"","_exactmetrics_sitenote_category":0,"_jetpack_memberships_contains_paid_content":false,"footnotes":""},"categories":[127,585,29],"tags":[561,307,156,562],"class_list":["post-8946","post","type-post","status-publish","format-standard","has-post-thumbnail","hentry","category-becas-y-convocatorias","category-estudiantes","category-noticias","tag-congreso-rayarte-2019","tag-diseno-grafico","tag-facultad-de-arquitectura","tag-rayarte"],"aioseo_notices":[],"jetpack_featured_media_url":"https:\/\/soy.usac.edu.gt\/wp-content\/uploads\/2019\/10\/CONCEPTO_01-1.png","views":"","jetpack-related-posts":[{"id":3837,"url":"https:\/\/soy.usac.edu.gt\/?p=3837","url_meta":{"origin":8946,"position":0},"title":"Carreras de Arquitectura y Dise\u00f1o Gr\u00e1fico acreditadas","author":"Divisi\u00f3n de Publicidad","date":"4 febrero, 2019","format":false,"excerpt":"La Agencia Centroamericana de Acreditaci\u00f3n de Arquitectura y de Ingenier\u00eda (ACAAI) acredit\u00f3 por cuatro a\u00f1os a las licenciaturas en Arquitectura y Dise\u00f1o Gr\u00e1fico. Hoy fueron entregadas las acreditaciones de los programas de ambas licenciaturas. Para el decano, Arq. Byron Rabe Rend\u00f3n, la acreditaci\u00f3n de estas carreras es un logro relevante,\u2026","rel":"","context":"En \u00abNoticias\u00bb","block_context":{"text":"Noticias","link":"https:\/\/soy.usac.edu.gt\/?cat=29"},"img":{"alt_text":"","src":"https:\/\/i0.wp.com\/soy.usac.edu.gt\/wp-content\/uploads\/2019\/02\/acreditaci%C3%B3n-arq..jpg?resize=350%2C200&ssl=1","width":350,"height":200,"srcset":"https:\/\/i0.wp.com\/soy.usac.edu.gt\/wp-content\/uploads\/2019\/02\/acreditaci%C3%B3n-arq..jpg?resize=350%2C200&ssl=1 1x, https:\/\/i0.wp.com\/soy.usac.edu.gt\/wp-content\/uploads\/2019\/02\/acreditaci%C3%B3n-arq..jpg?resize=525%2C300&ssl=1 1.5x, https:\/\/i0.wp.com\/soy.usac.edu.gt\/wp-content\/uploads\/2019\/02\/acreditaci%C3%B3n-arq..jpg?resize=700%2C400&ssl=1 2x, https:\/\/i0.wp.com\/soy.usac.edu.gt\/wp-content\/uploads\/2019\/02\/acreditaci%C3%B3n-arq..jpg?resize=1050%2C600&ssl=1 3x, https:\/\/i0.wp.com\/soy.usac.edu.gt\/wp-content\/uploads\/2019\/02\/acreditaci%C3%B3n-arq..jpg?resize=1400%2C800&ssl=1 4x"},"classes":[]},{"id":22297,"url":"https:\/\/soy.usac.edu.gt\/?p=22297","url_meta":{"origin":8946,"position":1},"title":"Exposici\u00f3n EPS 2025 | Facultad de Arquitectura, USAC","author":"Divisi\u00f3n de Publicidad","date":"6 noviembre, 2025","format":false,"excerpt":"La Unidad de Investigaci\u00f3n y Graduaci\u00f3n (UNIG), junto al equipo de docentes y autoridades de la Facultad de Arquitectura, llev\u00f3 a cabo la Exposici\u00f3n EPS 2025, donde los estudiantes de d\u00e9cimo ciclo de la Licenciatura en Dise\u00f1o Gr\u00e1fico presentaron los proyectos desarrollados durante su Ejercicio Profesional Supervisado (EPS). El evento\u2026","rel":"","context":"En \u00abActividades\u00bb","block_context":{"text":"Actividades","link":"https:\/\/soy.usac.edu.gt\/?cat=126"},"img":{"alt_text":"","src":"https:\/\/i0.wp.com\/soy.usac.edu.gt\/wp-content\/uploads\/2025\/11\/DSC07066-scaled.jpg?resize=350%2C200&ssl=1","width":350,"height":200,"srcset":"https:\/\/i0.wp.com\/soy.usac.edu.gt\/wp-content\/uploads\/2025\/11\/DSC07066-scaled.jpg?resize=350%2C200&ssl=1 1x, https:\/\/i0.wp.com\/soy.usac.edu.gt\/wp-content\/uploads\/2025\/11\/DSC07066-scaled.jpg?resize=525%2C300&ssl=1 1.5x, https:\/\/i0.wp.com\/soy.usac.edu.gt\/wp-content\/uploads\/2025\/11\/DSC07066-scaled.jpg?resize=700%2C400&ssl=1 2x, https:\/\/i0.wp.com\/soy.usac.edu.gt\/wp-content\/uploads\/2025\/11\/DSC07066-scaled.jpg?resize=1050%2C600&ssl=1 3x, https:\/\/i0.wp.com\/soy.usac.edu.gt\/wp-content\/uploads\/2025\/11\/DSC07066-scaled.jpg?resize=1400%2C800&ssl=1 4x"},"classes":[]},{"id":18394,"url":"https:\/\/soy.usac.edu.gt\/?p=18394","url_meta":{"origin":8946,"position":2},"title":"Estudiantes dise\u00f1ar\u00e1n proyectos arquitect\u00f3nicos para parque ecol\u00f3gico\u00a0","author":"Divisi\u00f3n de Publicidad","date":"9 septiembre, 2022","format":false,"excerpt":"Estudiantes de la facultad de arquitectura llevar\u00e1n a cabo propuestas de dise\u00f1os de estructuras para el corredor norte del Parque Ecol\u00f3gico de Ciudad Nueva.","rel":"","context":"En \u00abEstudiantes\u00bb","block_context":{"text":"Estudiantes","link":"https:\/\/soy.usac.edu.gt\/?cat=585"},"img":{"alt_text":"","src":"https:\/\/i0.wp.com\/soy.usac.edu.gt\/wp-content\/uploads\/2022\/09\/parque-ciudad-nueva.jpg?resize=350%2C200&ssl=1","width":350,"height":200,"srcset":"https:\/\/i0.wp.com\/soy.usac.edu.gt\/wp-content\/uploads\/2022\/09\/parque-ciudad-nueva.jpg?resize=350%2C200&ssl=1 1x, https:\/\/i0.wp.com\/soy.usac.edu.gt\/wp-content\/uploads\/2022\/09\/parque-ciudad-nueva.jpg?resize=525%2C300&ssl=1 1.5x, https:\/\/i0.wp.com\/soy.usac.edu.gt\/wp-content\/uploads\/2022\/09\/parque-ciudad-nueva.jpg?resize=700%2C400&ssl=1 2x, https:\/\/i0.wp.com\/soy.usac.edu.gt\/wp-content\/uploads\/2022\/09\/parque-ciudad-nueva.jpg?resize=1050%2C600&ssl=1 3x, https:\/\/i0.wp.com\/soy.usac.edu.gt\/wp-content\/uploads\/2022\/09\/parque-ciudad-nueva.jpg?resize=1400%2C800&ssl=1 4x"},"classes":[]},{"id":15297,"url":"https:\/\/soy.usac.edu.gt\/?p=15297","url_meta":{"origin":8946,"position":3},"title":"Feria Virtual Emprende USAC","author":"Divisi\u00f3n de Publicidad","date":"1 octubre, 2021","format":false,"excerpt":"Esta actividad se llevar\u00e1 a cabo el 7, 8 y 9 de octubre, ser\u00e1 transmitir\u00e1 en diferentes plataformas virtuales.","rel":"","context":"En \u00abEstudiantes\u00bb","block_context":{"text":"Estudiantes","link":"https:\/\/soy.usac.edu.gt\/?cat=585"},"img":{"alt_text":"","src":"https:\/\/i0.wp.com\/soy.usac.edu.gt\/wp-content\/uploads\/2021\/04\/EMPRENDE-USAC11-scaled.jpg?resize=350%2C200&ssl=1","width":350,"height":200,"srcset":"https:\/\/i0.wp.com\/soy.usac.edu.gt\/wp-content\/uploads\/2021\/04\/EMPRENDE-USAC11-scaled.jpg?resize=350%2C200&ssl=1 1x, https:\/\/i0.wp.com\/soy.usac.edu.gt\/wp-content\/uploads\/2021\/04\/EMPRENDE-USAC11-scaled.jpg?resize=525%2C300&ssl=1 1.5x, https:\/\/i0.wp.com\/soy.usac.edu.gt\/wp-content\/uploads\/2021\/04\/EMPRENDE-USAC11-scaled.jpg?resize=700%2C400&ssl=1 2x, https:\/\/i0.wp.com\/soy.usac.edu.gt\/wp-content\/uploads\/2021\/04\/EMPRENDE-USAC11-scaled.jpg?resize=1050%2C600&ssl=1 3x, https:\/\/i0.wp.com\/soy.usac.edu.gt\/wp-content\/uploads\/2021\/04\/EMPRENDE-USAC11-scaled.jpg?resize=1400%2C800&ssl=1 4x"},"classes":[]},{"id":7867,"url":"https:\/\/soy.usac.edu.gt\/?p=7867","url_meta":{"origin":8946,"position":4},"title":"Estudiantes dise\u00f1an acuario para la Municipalidad del Puerto de San Jos\u00e9","author":"Divisi\u00f3n de Publicidad","date":"29 julio, 2019","format":false,"excerpt":"Sancarlistas del quinto semestre de la Facultad de Arquitectura presentaron sus propuestas de dise\u00f1o para la construcci\u00f3n de un acuario municipal en el Puerto de San Jos\u00e9, Escuintla.","rel":"","context":"En \u00abNoticias\u00bb","block_context":{"text":"Noticias","link":"https:\/\/soy.usac.edu.gt\/?cat=29"},"img":{"alt_text":"","src":"https:\/\/i0.wp.com\/soy.usac.edu.gt\/wp-content\/uploads\/2019\/07\/IMG_6569.jpg?resize=350%2C200&ssl=1","width":350,"height":200,"srcset":"https:\/\/i0.wp.com\/soy.usac.edu.gt\/wp-content\/uploads\/2019\/07\/IMG_6569.jpg?resize=350%2C200&ssl=1 1x, https:\/\/i0.wp.com\/soy.usac.edu.gt\/wp-content\/uploads\/2019\/07\/IMG_6569.jpg?resize=525%2C300&ssl=1 1.5x, https:\/\/i0.wp.com\/soy.usac.edu.gt\/wp-content\/uploads\/2019\/07\/IMG_6569.jpg?resize=700%2C400&ssl=1 2x, https:\/\/i0.wp.com\/soy.usac.edu.gt\/wp-content\/uploads\/2019\/07\/IMG_6569.jpg?resize=1050%2C600&ssl=1 3x, https:\/\/i0.wp.com\/soy.usac.edu.gt\/wp-content\/uploads\/2019\/07\/IMG_6569.jpg?resize=1400%2C800&ssl=1 4x"},"classes":[]},{"id":7633,"url":"https:\/\/soy.usac.edu.gt\/?p=7633","url_meta":{"origin":8946,"position":5},"title":"Estudiantes desarrollan anteproyectos arquitect\u00f3nicos","author":"Divisi\u00f3n de Publicidad","date":"19 julio, 2019","format":false,"excerpt":"Ocho anteproyectos desarrollados con arquitectura bioclim\u00e1tica fueron presentados a las autoridades universitarias en la Facultad de Arquitectura.","rel":"","context":"En \u00abNoticias\u00bb","block_context":{"text":"Noticias","link":"https:\/\/soy.usac.edu.gt\/?cat=29"},"img":{"alt_text":"","src":"https:\/\/i0.wp.com\/soy.usac.edu.gt\/wp-content\/uploads\/2019\/07\/ARQUITECTURA-5.jpeg?resize=350%2C200&ssl=1","width":350,"height":200,"srcset":"https:\/\/i0.wp.com\/soy.usac.edu.gt\/wp-content\/uploads\/2019\/07\/ARQUITECTURA-5.jpeg?resize=350%2C200&ssl=1 1x, https:\/\/i0.wp.com\/soy.usac.edu.gt\/wp-content\/uploads\/2019\/07\/ARQUITECTURA-5.jpeg?resize=525%2C300&ssl=1 1.5x, https:\/\/i0.wp.com\/soy.usac.edu.gt\/wp-content\/uploads\/2019\/07\/ARQUITECTURA-5.jpeg?resize=700%2C400&ssl=1 2x, https:\/\/i0.wp.com\/soy.usac.edu.gt\/wp-content\/uploads\/2019\/07\/ARQUITECTURA-5.jpeg?resize=1050%2C600&ssl=1 3x"},"classes":[]}],"jetpack_sharing_enabled":true,"_links":{"self":[{"href":"https:\/\/soy.usac.edu.gt\/index.php?rest_route=\/wp\/v2\/posts\/8946","targetHints":{"allow":["GET"]}}],"collection":[{"href":"https:\/\/soy.usac.edu.gt\/index.php?rest_route=\/wp\/v2\/posts"}],"about":[{"href":"https:\/\/soy.usac.edu.gt\/index.php?rest_route=\/wp\/v2\/types\/post"}],"author":[{"embeddable":true,"href":"https:\/\/soy.usac.edu.gt\/index.php?rest_route=\/wp\/v2\/users\/1"}],"replies":[{"embeddable":true,"href":"https:\/\/soy.usac.edu.gt\/index.php?rest_route=%2Fwp%2Fv2%2Fcomments&post=8946"}],"version-history":[{"count":0,"href":"https:\/\/soy.usac.edu.gt\/index.php?rest_route=\/wp\/v2\/posts\/8946\/revisions"}],"wp:featuredmedia":[{"embeddable":true,"href":"https:\/\/soy.usac.edu.gt\/index.php?rest_route=\/wp\/v2\/media\/8998"}],"wp:attachment":[{"href":"https:\/\/soy.usac.edu.gt\/index.php?rest_route=%2Fwp%2Fv2%2Fmedia&parent=8946"}],"wp:term":[{"taxonomy":"category","embeddable":true,"href":"https:\/\/soy.usac.edu.gt\/index.php?rest_route=%2Fwp%2Fv2%2Fcategories&post=8946"},{"taxonomy":"post_tag","embeddable":true,"href":"https:\/\/soy.usac.edu.gt\/index.php?rest_route=%2Fwp%2Fv2%2Ftags&post=8946"}],"curies":[{"name":"wp","href":"https:\/\/api.w.org\/{rel}","templated":true}]}}