{"id":8948,"date":"2019-10-24T15:45:22","date_gmt":"2019-10-24T21:45:22","guid":{"rendered":"https:\/\/soy.usac.edu.gt\/?p=8948"},"modified":"2019-10-24T15:45:22","modified_gmt":"2019-10-24T21:45:22","slug":"la-usac-ha-presentado-39-proyectos-de-ley","status":"publish","type":"post","link":"https:\/\/soy.usac.edu.gt\/?p=8948","title":{"rendered":"La USAC ha presentado 39 proyectos de ley"},"content":{"rendered":"\n<p style=\"text-align: justify;\"><strong>Por Luisa Mendizabal y Edson Lozano<\/strong><\/p>\n<h5 style=\"text-align: justify;\"><em><strong>No hay ninguna otra universidad aut\u00f3noma y p\u00fablica en Latinoam\u00e9rica que tenga la facultad de presentar proyectos de ley, como la Universidad de San Carlos de Guatemala.\u00a0<\/strong><\/em><\/h5>\n<p style=\"text-align: justify;\">Esta facultad fue otorgada constitucionalmente desde 1986.<span style=\"font-weight: 400;\"> \u201cTratamos de romper un mito, el gran p\u00fablico cree que la USAC jam\u00e1s ha presentado iniciativas de ley, pero en 32 a\u00f1os esta facultad se ha utilizado 39 veces\u201d, explica Alejandro S\u00e1nchez, uno de los autores de la investigaci\u00f3n \u00abLa iniciativa de ley de la Universidad de San Carlos de Guatemala\u00bb.\u00a0 <\/span><\/p>\n<p style=\"text-align: justify;\"><span style=\"font-weight: 400;\">A la fecha se han presentado<\/span>\u00a05 decretos, 14 iniciativas y 20 proyectos. <span style=\"font-weight: 400;\">Que la USAC tenga esa capacidad prevista constitucionalmente, obedece a una l\u00f3gica: el conocimiento debe guiar las decisiones para la constituci\u00f3n de un mejor Estado. \u201cNuestra universidad tiene como misi\u00f3n constitucional aportar a la soluci\u00f3n de los problemas nacionales\u201d, comenta Alejandro S\u00e1nchez.\u00a0<\/span><\/p>\n<p style=\"text-align: justify;\">Seg\u00fan S\u00e1nchez, la universidad ha presentado <span style=\"font-weight: 400;\">iniciativas importantes <\/span><span style=\"font-weight: 400;\"> sobre educaci\u00f3n superior, medio<\/span><span style=\"font-weight: 400;\">ambiente y otras relacionadas con el desarrollo del pa\u00eds.\u00a0<\/span><\/p>\n<p>\u00a0<\/p>\n<blockquote class=\"td_quote_box td_box_center\">\n<h4 style=\"text-align: justify;\"><b><img loading=\"lazy\" decoding=\"async\" class=\"wp-image-9196 size-thumbnail alignleft\" src=\"https:\/\/soy.usac.edu.gt\/wp-content\/uploads\/2019\/10\/IMG_4585-150x150.jpg\" alt=\"\" width=\"150\" height=\"150\" \/><\/b><\/h4>\n<h4 style=\"text-align: justify;\"><strong>\u00abla universidad propone, pero es el Congreso de la Rep\u00fablica, si tiene voluntad pol\u00edtica, el que debe de aprobar estas iniciativas\u00bb. Geidy de Mata Directora del IPNUSAC<\/strong><\/h4>\n<p>\u00a0<\/p>\n<\/blockquote>\n<p>\u00a0<\/p>\n<p style=\"text-align: justify;\"><span style=\"font-weight: 400;\"> Por su parte, Geidy de Mata, directora del Instituto de Problemas Nacionales (IPNUSAC), dice que l<\/span><span style=\"font-weight: 400;\">a USAC ha cumplido con su misi\u00f3n de aportar soluciones a los problemas nacionales, pero que existe desinformaci\u00f3n y desconocimiento. \u00abEn total se han presentado\u00a0 39 iniciativas multidisciplinarias; la universidad propone, pero es el Congreso de la Rep\u00fablica, si tiene voluntad pol\u00edtica, el que debe de aprobar estas iniciativas\u00bb, se\u00f1ala.\u00a0<\/span><\/p>\n<p style=\"text-align: justify;\"><span style=\"font-weight: 400;\">De Mata explica que las propuestas que la universidad realiza se basan en la realidad nacional: \u00abPor ejemplo, hemos construido una agenda estrat\u00e9gica, una propuesta acad\u00e9mica desde la universidad de 2020 al 2024. A trav\u00e9s de la academia, nosotros podemos aportar soluciones, que no radican solo en iniciativas de ley; para transformar nuestra realidad, se requieren esfuerzos pol\u00edticos, econ\u00f3micos, culturales y sociales\u201d, expone.\u00a0<\/span><\/p>\n<div id='gallery-1' class='gallery galleryid-8948 gallery-columns-3 gallery-size-full'><figure class='gallery-item'>\n\t\t\t<div class='gallery-icon portrait'>\n\t\t\t\t<a href='https:\/\/soy.usac.edu.gt\/?attachment_id=9178'><img loading=\"lazy\" decoding=\"async\" width=\"781\" height=\"1280\" src=\"https:\/\/soy.usac.edu.gt\/wp-content\/uploads\/2019\/10\/PROPUESTAS-DE-INICIATIVAS-DE-LEY-USAC.jpeg\" class=\"attachment-full size-full\" alt=\"\" srcset=\"https:\/\/soy.usac.edu.gt\/wp-content\/uploads\/2019\/10\/PROPUESTAS-DE-INICIATIVAS-DE-LEY-USAC.jpeg 781w, https:\/\/soy.usac.edu.gt\/wp-content\/uploads\/2019\/10\/PROPUESTAS-DE-INICIATIVAS-DE-LEY-USAC-183x300.jpeg 183w, https:\/\/soy.usac.edu.gt\/wp-content\/uploads\/2019\/10\/PROPUESTAS-DE-INICIATIVAS-DE-LEY-USAC-768x1259.jpeg 768w, https:\/\/soy.usac.edu.gt\/wp-content\/uploads\/2019\/10\/PROPUESTAS-DE-INICIATIVAS-DE-LEY-USAC-625x1024.jpeg 625w, https:\/\/soy.usac.edu.gt\/wp-content\/uploads\/2019\/10\/PROPUESTAS-DE-INICIATIVAS-DE-LEY-USAC-256x420.jpeg 256w, https:\/\/soy.usac.edu.gt\/wp-content\/uploads\/2019\/10\/PROPUESTAS-DE-INICIATIVAS-DE-LEY-USAC-640x1049.jpeg 640w, https:\/\/soy.usac.edu.gt\/wp-content\/uploads\/2019\/10\/PROPUESTAS-DE-INICIATIVAS-DE-LEY-USAC-681x1116.jpeg 681w\" sizes=\"auto, (max-width: 781px) 100vw, 781px\" \/><\/a>\n\t\t\t<\/div><\/figure>\n\t\t<\/div>\n\n<p>\u00a0<\/p>\n<h4 style=\"text-align: justify;\"><em><strong>Ejemplos de leyes que emanaron de la USAC<\/strong><\/em><\/h4>\n<p style=\"text-align: justify;\"><span style=\"font-weight: 400;\">La primera iniciativa de ley que present\u00f3 la universidad es la <strong><em>Ley de Universidades Privadas<\/em><\/strong>, esto ha permitido que la educaci\u00f3n superior se extienda al resto del pa\u00eds. A<\/span><span style=\"font-weight: 400;\">ctualmente hay 14 universidades que cubren todos los departamentos, \u00abel capital m\u00e1s importante de las sociedades y de las naciones es el conocimiento; a la fecha, las universidades siguen creciendo en n\u00famero, tama\u00f1o y extensi\u00f3n\u00bb, comenta S\u00e1nchez.\u00a0\u00a0<\/span><\/p>\n<p style=\"text-align: justify;\"><span style=\"font-weight: 400;\">Otro ejemplo es la <strong>Ley de Vivienda<\/strong>, elaborada por el Centro de Estudios\u00a0 Urbanos y Rurales (CEUR) de la Universidad de San Carlos de Guatemala, \u00abuna ley magn\u00edfica para el desarrollo de la vivienda en el pa\u00eds; sin embargo, en el momento de su aprobaci\u00f3n final fue mutilada por el Congreso en las partes m\u00e1s importantes: los m\u00e9todos de financiamiento\u00bb, l<\/span><span style=\"font-weight: 400;\">amenta S\u00e1nchez, quien tambi\u00e9n explica que el art\u00edculo del CEUR ten\u00eda una propuesta clara de financiamiento y, en el Congreso, este art\u00edculo se redujo a la posibilidad de brindarle presupuesto a dicha ley.\u00a0<\/span><\/p>\n<figure id=\"attachment_9194\" aria-describedby=\"caption-attachment-9194\" style=\"width: 6240px\" class=\"wp-caption aligncenter\"><img loading=\"lazy\" decoding=\"async\" class=\"wp-image-9194 size-full\" src=\"https:\/\/soy.usac.edu.gt\/wp-content\/uploads\/2019\/10\/IMG_4567.jpg\" alt=\"\" width=\"6240\" height=\"4160\" srcset=\"https:\/\/soy.usac.edu.gt\/wp-content\/uploads\/2019\/10\/IMG_4567.jpg 6240w, https:\/\/soy.usac.edu.gt\/wp-content\/uploads\/2019\/10\/IMG_4567-300x200.jpg 300w, https:\/\/soy.usac.edu.gt\/wp-content\/uploads\/2019\/10\/IMG_4567-768x512.jpg 768w, https:\/\/soy.usac.edu.gt\/wp-content\/uploads\/2019\/10\/IMG_4567-1024x683.jpg 1024w, https:\/\/soy.usac.edu.gt\/wp-content\/uploads\/2019\/10\/IMG_4567-630x420.jpg 630w, https:\/\/soy.usac.edu.gt\/wp-content\/uploads\/2019\/10\/IMG_4567-640x427.jpg 640w, https:\/\/soy.usac.edu.gt\/wp-content\/uploads\/2019\/10\/IMG_4567-681x454.jpg 681w\" sizes=\"auto, (max-width: 6240px) 100vw, 6240px\" \/><figcaption id=\"caption-attachment-9194\" class=\"wp-caption-text\">Alejandro S\u00e1nchez dicta una conferencia sobre las iniciativas de ley que ha presentado la universidad, en un evento organizado por IPNUSAC. Fotograf\u00eda Edson Lozano<\/figcaption><\/figure>\n<p>\u00a0<\/p>\n<blockquote class=\"td_quote_box td_box_center\">\n<h4 style=\"text-align: justify;\"><b>Iniciativas presentadas por la USAC, que se han convertido en ley:<\/b><\/h4>\n<ul style=\"text-align: justify;\">\n<li style=\"list-style-type: none;\">\n<ul style=\"text-align: justify;\">\n<li style=\"font-weight: 400;\"><span style=\"font-weight: 400;\">Ley de Universidades Privadas.<\/span><\/li>\n<li style=\"font-weight: 400;\"><span style=\"font-weight: 400;\">Ejecuci\u00f3n del Programa de Inversi\u00f3n en Infraestructura, Maquinaria y Equipo para la USAC.<\/span><\/li>\n<li style=\"font-weight: 400;\"><span style=\"font-weight: 400;\">Ampliaci\u00f3n del Presupuesto General de Ingresos del Estado para el Ejercicio Fiscal 2005.<\/span><\/li>\n<li style=\"font-weight: 400;\"><span style=\"font-weight: 400;\">Ley de Vivienda.<\/span><\/li>\n<li style=\"font-weight: 400;\"><span style=\"font-weight: 400;\">Ley de Bienestar Animal.\u00a0<\/span><\/li>\n<\/ul>\n<\/li>\n<\/ul>\n<\/blockquote>\n<p style=\"text-align: justify;\">\u00a0<\/p>\n<h4><img loading=\"lazy\" decoding=\"async\" class=\"aligncenter size-full wp-image-9191\" src=\"https:\/\/soy.usac.edu.gt\/wp-content\/uploads\/2019\/10\/reuniones-presupuesto-usac-en-el-congreso-1.jpg\" alt=\"\" width=\"1200\" height=\"800\" srcset=\"https:\/\/soy.usac.edu.gt\/wp-content\/uploads\/2019\/10\/reuniones-presupuesto-usac-en-el-congreso-1.jpg 1200w, https:\/\/soy.usac.edu.gt\/wp-content\/uploads\/2019\/10\/reuniones-presupuesto-usac-en-el-congreso-1-300x200.jpg 300w, https:\/\/soy.usac.edu.gt\/wp-content\/uploads\/2019\/10\/reuniones-presupuesto-usac-en-el-congreso-1-768x512.jpg 768w, https:\/\/soy.usac.edu.gt\/wp-content\/uploads\/2019\/10\/reuniones-presupuesto-usac-en-el-congreso-1-1024x683.jpg 1024w, https:\/\/soy.usac.edu.gt\/wp-content\/uploads\/2019\/10\/reuniones-presupuesto-usac-en-el-congreso-1-630x420.jpg 630w, https:\/\/soy.usac.edu.gt\/wp-content\/uploads\/2019\/10\/reuniones-presupuesto-usac-en-el-congreso-1-640x427.jpg 640w, https:\/\/soy.usac.edu.gt\/wp-content\/uploads\/2019\/10\/reuniones-presupuesto-usac-en-el-congreso-1-681x454.jpg 681w\" sizes=\"auto, (max-width: 1200px) 100vw, 1200px\" \/><\/h4>\n<h4 style=\"text-align: justify;\"><b>Proyectos de ley de la USAC conocidos por el Congreso<\/b><\/h4>\n<p style=\"text-align: justify;\"><span style=\"font-weight: 400;\">Estos proyectos han sido asignados por n\u00famero de registro y se han convertido en iniciativas de ley; sin embargo, en algunos casos son enviadas al Archivo Legislativo o\u00a0 est\u00e1n en dictamen favorable.<\/span><\/p>\n<ul style=\"text-align: justify;\">\n<li style=\"list-style-type: none;\">\n<ul style=\"text-align: justify;\">\n<li style=\"font-weight: 400;\"><span style=\"font-weight: 400;\">Ley reguladora de entidades prestadoras de servicio el\u00e9ctrico.<\/span><\/li>\n<li style=\"font-weight: 400;\"><span style=\"font-weight: 400;\">Ley del Organismo Ejecutivo.<\/span><\/li>\n<li style=\"font-weight: 400;\"><span style=\"font-weight: 400;\">Ley de Consejos de Desarrollo Urbano y Rural.<\/span><\/li>\n<li style=\"font-weight: 400;\"><span style=\"font-weight: 400;\">Ley para el Transporte P\u00fablico Urbano<\/span><\/li>\n<li style=\"font-weight: 400;\"><span style=\"font-weight: 400;\">Ley para el manejo, control y vigilancia ambiental de Hydrilla Verticilata y otras plantas ex\u00f3ticas invasoras.<\/span><\/li>\n<li style=\"font-weight: 400;\"><span style=\"font-weight: 400;\">Ley que Reforma el C\u00f3digo Civil, Art\u00edculo 1074.<\/span><\/li>\n<li style=\"font-weight: 400;\"><span style=\"font-weight: 400;\">Ley de Concesiones.<\/span><\/li>\n<li style=\"font-weight: 400;\"><span style=\"font-weight: 400;\">Ley de Manejo, Control y Vigilancia Ambiental de Hidrilla Verticillata (L.F.) Royle y otras Plantas Ex\u00f3ticas Invasoras.<\/span><\/li>\n<li style=\"font-weight: 400;\"><span style=\"font-weight: 400;\">Ley de Promoci\u00f3n del Desarrollo Cient\u00edfico y Tecnol\u00f3gico Nacional.<\/span><\/li>\n<li style=\"font-weight: 400;\"><span style=\"font-weight: 400;\">Ley de la Procuradur\u00eda de Defensa al Consumidor y Usuario.<\/span><\/li>\n<li style=\"font-weight: 400;\"><span style=\"font-weight: 400;\">Ley N\u00famero 106 del Jefe de Gobierno, C\u00f3digo Civil.<\/span><\/li>\n<li style=\"font-weight: 400;\"><span style=\"font-weight: 400;\">Ley de Cobertura Universal y Financiamiento para la Atenci\u00f3n Integral en la Salud a las Guatemaltecas y Guatemaltecos.<\/span><\/li>\n<li style=\"font-weight: 400;\"><span style=\"font-weight: 400;\">Iniciativa de Ley del Traductor e Int\u00e9rprete Autorizado.<\/span><\/li>\n<li style=\"font-weight: 400;\"><span style=\"font-weight: 400;\">Ley sobre el uso de Fosfatos en Jabones y Detergentes Fabricados, Importados, Distribuidos y comercializados en Guatemala.<\/span><\/li>\n<li style=\"font-weight: 400;\"><span style=\"font-weight: 400;\">Readecuaci\u00f3n y Apoyo Presupuestario a la USAC, Correspondiente al Ejercicio Fiscal 2018.<\/span><\/li>\n<\/ul>\n<\/li>\n<\/ul>\n<blockquote class=\"td_quote_box td_box_center\">\n<h4 style=\"text-align: justify;\"><strong>\u00bfC\u00f3mo nace un proyecto de ley?<\/strong><\/h4>\n<p style=\"text-align: justify;\"><b>Las facultades, escuelas e institutos de investigaci\u00f3n pueden proponer proyectos de ley.<\/b><\/p>\n<p style=\"text-align: justify;\"><span style=\"font-weight: 400;\">El procedimiento y requisitos de las iniciativas de ley para proponerse y que sean discutidas son los siguientes:<\/span><\/p>\n<ul style=\"text-align: justify;\">\n<li style=\"font-weight: 400;\"><span style=\"font-weight: 400;\">Estudios t\u00e9cnicos y documentaci\u00f3n justificativa.<\/span><\/li>\n<li style=\"font-weight: 400;\"><span style=\"font-weight: 400;\">Exposici\u00f3n de motivos.<\/span><\/li>\n<li style=\"font-weight: 400;\"><span style=\"font-weight: 400;\">Parte considerativa.<\/span><\/li>\n<li style=\"font-weight: 400;\"><span style=\"font-weight: 400;\">Parte dispositiva.<\/span><\/li>\n<\/ul>\n<p style=\"text-align: justify;\"><span style=\"font-weight: 400;\">Es necesaria la adopci\u00f3n de un procedimiento que atienda la diversidad de materias que pueden tener las iniciativas de ley sometidas a consideraci\u00f3n del CSU:<\/span><\/p>\n<ul style=\"text-align: justify;\">\n<li style=\"font-weight: 400;\"><span style=\"font-weight: 400;\">Preparaci\u00f3n de la iniciativa de conformidad con los requisitos descritos con anterioridad.<\/span><\/li>\n<li style=\"font-weight: 400;\"><span style=\"font-weight: 400;\">Presentaci\u00f3n al Consejo Superior Universitario.<\/span><\/li>\n<li style=\"font-weight: 400;\"><span style=\"font-weight: 400;\">Solicitud de dictamen a la Direcci\u00f3n de Asuntos Jur\u00eddicos y a las Facultades, Escuelas, Centros Regionales e Institutos de Investigaci\u00f3n.<\/span><\/li>\n<li style=\"font-weight: 400;\"><span style=\"font-weight: 400;\">Reunidos los dict\u00e1menes y opiniones, el CSU puede decidir su presentaci\u00f3n al Congreso de la Rep\u00fablica a trav\u00e9s del Rector.<\/span><\/li>\n<li style=\"font-weight: 400;\"><span style=\"font-weight: 400;\">Seguimiento al proceso legislativo.<\/span><\/li>\n<li style=\"font-weight: 400;\"><span style=\"font-weight: 400;\">An\u00e1lisis de la aprobaci\u00f3n o archivo de la iniciativa de ley presentada.<\/span><\/li>\n<li style=\"font-weight: 400;\"><span style=\"font-weight: 400;\">En el caso de la aprobaci\u00f3n, seguimiento al impacto de la ley aprobada.\u00a0<\/span><\/li>\n<\/ul>\n<p style=\"text-align: justify;\">\u00a0<\/p>\n<\/blockquote>\n<p style=\"text-align: justify;\">\u00a0<\/p>\n<figure id=\"attachment_9193\" aria-describedby=\"caption-attachment-9193\" style=\"width: 4928px\" class=\"wp-caption aligncenter\"><img loading=\"lazy\" decoding=\"async\" class=\"size-full wp-image-9193\" src=\"https:\/\/soy.usac.edu.gt\/wp-content\/uploads\/2019\/10\/DSC_7596.jpg\" alt=\"\" width=\"4928\" height=\"3264\" srcset=\"https:\/\/soy.usac.edu.gt\/wp-content\/uploads\/2019\/10\/DSC_7596.jpg 4928w, https:\/\/soy.usac.edu.gt\/wp-content\/uploads\/2019\/10\/DSC_7596-300x199.jpg 300w, https:\/\/soy.usac.edu.gt\/wp-content\/uploads\/2019\/10\/DSC_7596-768x509.jpg 768w, https:\/\/soy.usac.edu.gt\/wp-content\/uploads\/2019\/10\/DSC_7596-1024x678.jpg 1024w, https:\/\/soy.usac.edu.gt\/wp-content\/uploads\/2019\/10\/DSC_7596-634x420.jpg 634w, https:\/\/soy.usac.edu.gt\/wp-content\/uploads\/2019\/10\/DSC_7596-640x424.jpg 640w, https:\/\/soy.usac.edu.gt\/wp-content\/uploads\/2019\/10\/DSC_7596-681x451.jpg 681w\" sizes=\"auto, (max-width: 4928px) 100vw, 4928px\" \/><figcaption id=\"caption-attachment-9193\" class=\"wp-caption-text\">Estudiantes de la USAC brindan atenci\u00f3n dental a personas frente al Congreso, mientras exigen un presupuesto digno para la universidad.<\/figcaption><\/figure>\n<p style=\"text-align: justify;\"><b>Seguimiento de la USAC al proceso legislativo\u00a0<\/b><\/p>\n<p style=\"text-align: justify;\"><span style=\"font-weight: 400;\">Una vez presentada la iniciativa de ley ante el Congreso de la Rep\u00fablica, es importante que la USAC pueda dar este seguimiento:<\/span><\/p>\n<ul style=\"text-align: justify;\">\n<li style=\"font-weight: 400;\"><span style=\"font-weight: 400;\">Presentaci\u00f3n y registro de la iniciativa de ley.<\/span><\/li>\n<li style=\"font-weight: 400;\"><span style=\"font-weight: 400;\">Programaci\u00f3n de la iniciativa de ley para conocimiento del pleno del Congreso para la asignaci\u00f3n de comisi\u00f3n o comisiones que dictaminar\u00e1n.<\/span><\/li>\n<li style=\"font-weight: 400;\"><span style=\"font-weight: 400;\">Seguimiento a las comisiones dictaminadoras y facilitaci\u00f3n de las explicaciones cient\u00edficas y t\u00e9cnicas que justifican las iniciativas de ley presentadas.<\/span><\/li>\n<li style=\"font-weight: 400;\"><span style=\"font-weight: 400;\">Participaci\u00f3n en las mesas de discusi\u00f3n de la iniciativa presentada.<\/span><\/li>\n<li style=\"font-weight: 400;\"><span style=\"font-weight: 400;\">En el caso de darse dictamen favorable a la iniciativa, se da seguimiento a la programaci\u00f3n de la Instancia de Jefes de Bloque para las fechas de discusi\u00f3n de la iniciativa.<\/span><\/li>\n<li style=\"font-weight: 400;\"><span style=\"font-weight: 400;\">Seguimiento a las discusiones parlamentarias en primera, segunda, tercera lectura y aprobaci\u00f3n por art\u00edculos, as\u00ed como el eventual retorno de la iniciativa a comisiones legislativas en caso de que se estime que el dictamen necesita mejoras.<\/span><\/li>\n<li style=\"font-weight: 400;\"><span style=\"font-weight: 400;\">En el eventual caso de aprobaci\u00f3n de la iniciativa, se realiza an\u00e1lisis del texto aprobado con respecto a la propuesta.<\/span><\/li>\n<li style=\"font-weight: 400;\"><span style=\"font-weight: 400;\">A partir de la vigencia, se realiza monitoreo de los indicadores de impacto de la ley propuesta.<\/span><\/li>\n<\/ul>\n<p style=\"text-align: justify;\">\u00a0<\/p>\n<h5><span style=\"color: #00ccff;\"><a style=\"color: #00ccff;\" href=\"http:\/\/ipn.usac.edu.gt\/wp-content\/uploads\/2019\/02\/Revista-26-Final-imprenta.pdf\">DESCARGA AC\u00c1 EL ESTUDIO COMPLETO SOBRE LAS INICIATIVAS DE LEY DE LA UNIVERSIDAD<\/a><\/span><\/h5>\n<p>\u00a0<\/p>\n<p>\u00a0<\/p>\n<p style=\"text-align: justify;\"><span style=\"font-weight: 400;\">\u00a0<\/span><\/p>\n","protected":false},"excerpt":{"rendered":"<p>No hay ninguna otra universidad aut\u00f3noma y p\u00fablica en Latinoam\u00e9rica que tenga la facultad de presentar proyectos de ley, como la Universidad de San Carlos de Guatemala.\u00a0<\/p>\n","protected":false},"author":1,"featured_media":9192,"comment_status":"closed","ping_status":"open","sticky":false,"template":"","format":"standard","meta":{"_exactmetrics_skip_tracking":false,"_exactmetrics_sitenote_active":false,"_exactmetrics_sitenote_note":"","_exactmetrics_sitenote_category":0,"_jetpack_memberships_contains_paid_content":false,"footnotes":""},"categories":[29,150],"tags":[567,361,566],"class_list":["post-8948","post","type-post","status-publish","format-standard","has-post-thumbnail","hentry","category-noticias","category-reportajes","tag-iniciativas-de-ley","tag-ipnusac","tag-proyectos-de-ley"],"aioseo_notices":[],"jetpack_featured_media_url":"https:\/\/soy.usac.edu.gt\/wp-content\/uploads\/2019\/10\/CONGRESO-2.jpg","views":"","jetpack-related-posts":[{"id":12123,"url":"https:\/\/soy.usac.edu.gt\/?p=12123","url_meta":{"origin":8948,"position":0},"title":"CODECER solicita al Congreso aprobaci\u00f3n de iniciativa 5814","author":"Divisi\u00f3n de Publicidad","date":"3 agosto, 2020","format":false,"excerpt":"Pronunciamiento del Consejo de Directores de Centros Universitarios y Escuelas no Facultativas (CODECER) de la Universidad de San Carlos de Guatemala Ante la necesaria y urgente ejecuci\u00f3n de la tercera\u00a0 etapa del Programa de Inversi\u00f3n en Infraestructura, Maquinaria y Equipo para la Universidad de San \u00a0 Carlos de Guatemala MANIFIESTA:\u2026","rel":"","context":"En \u00abOpini\u00f3n\u00bb","block_context":{"text":"Opini\u00f3n","link":"https:\/\/soy.usac.edu.gt\/?cat=151"},"img":{"alt_text":"","src":"","width":0,"height":0},"classes":[]},{"id":12866,"url":"https:\/\/soy.usac.edu.gt\/?p=12866","url_meta":{"origin":8948,"position":1},"title":"CODECER solicita traslado de presupuesto al MINFIN para pago de salarios","author":"Divisi\u00f3n de Publicidad","date":"12 noviembre, 2020","format":false,"excerpt":"Ante la dif\u00edcil situaci\u00f3n presupuestaria y financiera que sufren los centros universitarios y escuelas no facultativas de la Universidad de San Carlos de Guatemala","rel":"","context":"En \u00abOpini\u00f3n\u00bb","block_context":{"text":"Opini\u00f3n","link":"https:\/\/soy.usac.edu.gt\/?cat=151"},"img":{"alt_text":"","src":"","width":0,"height":0},"classes":[]},{"id":11370,"url":"https:\/\/soy.usac.edu.gt\/?p=11370","url_meta":{"origin":8948,"position":2},"title":"USAC present\u00f3 iniciativa para resarcir a trabajadores  de salud que se contagien de coronavirus","author":"Divisi\u00f3n de Publicidad","date":"17 abril, 2020","format":false,"excerpt":"PRESENTACI\u00d3N DE INICIATIVA DE LEY DE CREACI\u00d3N DE LA SUBCUENTA PARA RESARCIR A TRABAJADORES DEL \u00c1REA DE SALUD QUE RESULTEN CONTAGIADOS\u00a0 POR EL COVID-19 EN EJERCICIO DE SUS LABORES","rel":"","context":"En \u00abNoticias\u00bb","block_context":{"text":"Noticias","link":"https:\/\/soy.usac.edu.gt\/?cat=29"},"img":{"alt_text":"","src":"https:\/\/i0.wp.com\/soy.usac.edu.gt\/wp-content\/uploads\/2020\/04\/WhatsApp-Image-2020-04-17-at-22.29.32-150x150.jpeg?resize=350%2C200&ssl=1","width":350,"height":200,"srcset":"https:\/\/i0.wp.com\/soy.usac.edu.gt\/wp-content\/uploads\/2020\/04\/WhatsApp-Image-2020-04-17-at-22.29.32-150x150.jpeg?resize=350%2C200&ssl=1 1x, https:\/\/i0.wp.com\/soy.usac.edu.gt\/wp-content\/uploads\/2020\/04\/WhatsApp-Image-2020-04-17-at-22.29.32-150x150.jpeg?resize=525%2C300&ssl=1 1.5x, https:\/\/i0.wp.com\/soy.usac.edu.gt\/wp-content\/uploads\/2020\/04\/WhatsApp-Image-2020-04-17-at-22.29.32-150x150.jpeg?resize=700%2C400&ssl=1 2x, https:\/\/i0.wp.com\/soy.usac.edu.gt\/wp-content\/uploads\/2020\/04\/WhatsApp-Image-2020-04-17-at-22.29.32-150x150.jpeg?resize=1050%2C600&ssl=1 3x"},"classes":[]},{"id":15378,"url":"https:\/\/soy.usac.edu.gt\/?p=15378","url_meta":{"origin":8948,"position":3},"title":"Convocatoria a elecci\u00f3n de rector de la USAC, per\u00edodo 2022-2026","author":"Divisi\u00f3n de Publicidad","date":"7 octubre, 2021","format":false,"excerpt":"Convocar a la integraci\u00f3n del Cuerpo Electoral Universitario, a fin de que los profesores y estudiantes de las diez (10) Facultades de la Universidad, que satisfagan los requisitos legales y estatutarios; y los miembros de los catorce (14) Colegios Profesionales, que tambi\u00e9n satisfagan los requisitos legales y estatutarios, procedan a\u2026","rel":"","context":"En \u00abBecas y Convocatorias\u00bb","block_context":{"text":"Becas y Convocatorias","link":"https:\/\/soy.usac.edu.gt\/?cat=127"},"img":{"alt_text":"","src":"https:\/\/i0.wp.com\/soy.usac.edu.gt\/wp-content\/uploads\/2021\/01\/convocatoria_Mesa-de-trabajo-1.jpg?resize=350%2C200&ssl=1","width":350,"height":200,"srcset":"https:\/\/i0.wp.com\/soy.usac.edu.gt\/wp-content\/uploads\/2021\/01\/convocatoria_Mesa-de-trabajo-1.jpg?resize=350%2C200&ssl=1 1x, https:\/\/i0.wp.com\/soy.usac.edu.gt\/wp-content\/uploads\/2021\/01\/convocatoria_Mesa-de-trabajo-1.jpg?resize=525%2C300&ssl=1 1.5x, https:\/\/i0.wp.com\/soy.usac.edu.gt\/wp-content\/uploads\/2021\/01\/convocatoria_Mesa-de-trabajo-1.jpg?resize=700%2C400&ssl=1 2x, https:\/\/i0.wp.com\/soy.usac.edu.gt\/wp-content\/uploads\/2021\/01\/convocatoria_Mesa-de-trabajo-1.jpg?resize=1050%2C600&ssl=1 3x, https:\/\/i0.wp.com\/soy.usac.edu.gt\/wp-content\/uploads\/2021\/01\/convocatoria_Mesa-de-trabajo-1.jpg?resize=1400%2C800&ssl=1 4x"},"classes":[]},{"id":9627,"url":"https:\/\/soy.usac.edu.gt\/?p=9627","url_meta":{"origin":8948,"position":4},"title":"Centros Universitarios solicitan 227.4 millones para concluir 2019","author":"Divisi\u00f3n de Publicidad","date":"11 noviembre, 2019","format":false,"excerpt":"Ante la situaci\u00f3n financiera y su impacto en los programas de educaci\u00f3n superior p\u00fablica de las Escuelas no Facultativas y los Centros Universitarios de los 22 departamentos de la Rep\u00fablica de Guatemala","rel":"","context":"En \u00abNoticias\u00bb","block_context":{"text":"Noticias","link":"https:\/\/soy.usac.edu.gt\/?cat=29"},"img":{"alt_text":"","src":"","width":0,"height":0},"classes":[]},{"id":9546,"url":"https:\/\/soy.usac.edu.gt\/?p=9546","url_meta":{"origin":8948,"position":5},"title":"CSU se pronuncia contra la reducci\u00f3n del presupuesto 2020 de la universidad","author":"Divisi\u00f3n de Publicidad","date":"4 noviembre, 2019","format":false,"excerpt":"El Consejo Superior Universitario en relaci\u00f3n con el Dictamen de la Comisi\u00f3n de Finanzas P\u00fablicas y Moneda del Congreso de la Rep\u00fablica de Guatemala sobre el proyecto de presupuesto general de ingresos y egresos del estado 2020","rel":"","context":"En \u00abOpini\u00f3n\u00bb","block_context":{"text":"Opini\u00f3n","link":"https:\/\/soy.usac.edu.gt\/?cat=125"},"img":{"alt_text":"","src":"","width":0,"height":0},"classes":[]}],"jetpack_sharing_enabled":true,"_links":{"self":[{"href":"https:\/\/soy.usac.edu.gt\/index.php?rest_route=\/wp\/v2\/posts\/8948","targetHints":{"allow":["GET"]}}],"collection":[{"href":"https:\/\/soy.usac.edu.gt\/index.php?rest_route=\/wp\/v2\/posts"}],"about":[{"href":"https:\/\/soy.usac.edu.gt\/index.php?rest_route=\/wp\/v2\/types\/post"}],"author":[{"embeddable":true,"href":"https:\/\/soy.usac.edu.gt\/index.php?rest_route=\/wp\/v2\/users\/1"}],"replies":[{"embeddable":true,"href":"https:\/\/soy.usac.edu.gt\/index.php?rest_route=%2Fwp%2Fv2%2Fcomments&post=8948"}],"version-history":[{"count":0,"href":"https:\/\/soy.usac.edu.gt\/index.php?rest_route=\/wp\/v2\/posts\/8948\/revisions"}],"wp:featuredmedia":[{"embeddable":true,"href":"https:\/\/soy.usac.edu.gt\/index.php?rest_route=\/wp\/v2\/media\/9192"}],"wp:attachment":[{"href":"https:\/\/soy.usac.edu.gt\/index.php?rest_route=%2Fwp%2Fv2%2Fmedia&parent=8948"}],"wp:term":[{"taxonomy":"category","embeddable":true,"href":"https:\/\/soy.usac.edu.gt\/index.php?rest_route=%2Fwp%2Fv2%2Fcategories&post=8948"},{"taxonomy":"post_tag","embeddable":true,"href":"https:\/\/soy.usac.edu.gt\/index.php?rest_route=%2Fwp%2Fv2%2Ftags&post=8948"}],"curies":[{"name":"wp","href":"https:\/\/api.w.org\/{rel}","templated":true}]}}