{"id":9024,"date":"2019-10-17T15:19:09","date_gmt":"2019-10-17T21:19:09","guid":{"rendered":"https:\/\/soy.usac.edu.gt\/?p=9024"},"modified":"2019-10-17T15:38:12","modified_gmt":"2019-10-17T21:38:12","slug":"la-escuela-debe-ser-pionera-en-generar-mecanismos-que-dignifiquen-nuestra-carrera","status":"publish","type":"post","link":"https:\/\/soy.usac.edu.gt\/?p=9024","title":{"rendered":"\u201cLa escuela debe ser pionera en generar mecanismos\u00a0 que dignifiquen nuestra carrera\u201d"},"content":{"rendered":"<h5 style=\"text-align: justify;\"><strong><i>De temperamento afable y preciso al hablar son caracter\u00edsticas de C\u00e9sar Paiz, director electo de la Escuela de Ciencias de la Comunicaci\u00f3n. El Peri\u00f3dico de la USAC convers\u00f3 con \u00e9l, tambi\u00e9n conocido como Maclovio,\u00a0 Trompa de Hule (nombre de rey feo), sobre su plan de trabajo, experiencia docente y el sue\u00f1o de que la escuela resurja como el ave f\u00e9nix.<\/i><\/strong><\/h5>\n<p style=\"text-align: justify;\"><span style=\"font-weight: 400;\">El\u00a0 nombre de C\u00e9sar Paiz deja de pasar inadvertido dentro del recinto de la Escuela de Ciencias de la Comunicaci\u00f3n, ya que el pasado 9 de septiembre, con el voto de alumnos, egresados y docentes, se convirti\u00f3 en el director de la escuela. Con ello, asumi\u00f3 la responsabilidad de realizar cambios sustanciales para la preparaci\u00f3n de los futuros comunicadores.<\/span><\/p>\n<p style=\"text-align: justify;\"><span style=\"font-weight: 400;\">Lo visitamos en su\u00a0 oficina, ubicada en el segundo nivel del edificio M-2, un poco aislada, en ese sitio se pueden observar algunos reconocimientos que en su trayectoria como rey feo obtuvo; una pizarra, donde deja recordatorios pegados; libros; carpetas e insumos para impartir docencia.<\/span><\/p>\n<p style=\"text-align: justify;\"><span style=\"font-weight: 400;\">La pl\u00e1tica inici\u00f3 recordando la asistencia de cientos de egresados y alumnos que emitieron su voto. \u201cLa responsabilidad que se avecina es grande, no podemos quedar mal con tantas personas que han cre\u00eddo en el proyecto\u201d, asegur\u00f3 C\u00e9sar Paiz.\u00a0\u00a0<\/span><\/p>\n<p><img loading=\"lazy\" decoding=\"async\" class=\"aligncenter size-full wp-image-9029\" src=\"https:\/\/soy.usac.edu.gt\/wp-content\/uploads\/2019\/10\/W1IDBlAbSYuzcZCKislk9Q_thumb_3.jpg\" alt=\"\" width=\"1086\" height=\"724\" srcset=\"https:\/\/soy.usac.edu.gt\/wp-content\/uploads\/2019\/10\/W1IDBlAbSYuzcZCKislk9Q_thumb_3.jpg 1086w, https:\/\/soy.usac.edu.gt\/wp-content\/uploads\/2019\/10\/W1IDBlAbSYuzcZCKislk9Q_thumb_3-300x200.jpg 300w, https:\/\/soy.usac.edu.gt\/wp-content\/uploads\/2019\/10\/W1IDBlAbSYuzcZCKislk9Q_thumb_3-768x512.jpg 768w, https:\/\/soy.usac.edu.gt\/wp-content\/uploads\/2019\/10\/W1IDBlAbSYuzcZCKislk9Q_thumb_3-1024x683.jpg 1024w, https:\/\/soy.usac.edu.gt\/wp-content\/uploads\/2019\/10\/W1IDBlAbSYuzcZCKislk9Q_thumb_3-630x420.jpg 630w, https:\/\/soy.usac.edu.gt\/wp-content\/uploads\/2019\/10\/W1IDBlAbSYuzcZCKislk9Q_thumb_3-640x427.jpg 640w, https:\/\/soy.usac.edu.gt\/wp-content\/uploads\/2019\/10\/W1IDBlAbSYuzcZCKislk9Q_thumb_3-681x454.jpg 681w\" sizes=\"auto, (max-width: 1086px) 100vw, 1086px\" \/><\/p>\n<blockquote class=\"td_quote_box td_box_center\">\n<h3 style=\"text-align: left;\"><strong>\u00abMe interesa inyectar esa energ\u00eda y experiencia a los alumnos, para qu\u00e9 tocar puertas, si tenemos una gran cantidad de brillantes egresados\u00bb.<\/strong><\/h3>\n<\/blockquote>\n<p style=\"text-align: justify;\"><span style=\"font-weight: 400;\">En esta etapa de su vida, con 62 a\u00f1os, ser\u00e1 el encargado de dirigir una de las escuelas que forman parte de la tricentenaria Universidad de San Carlos de Guatemala. Expresa que ahora tiene la convicci\u00f3n de cumplir el plan de trabajo que traz\u00f3 para el per\u00edodo 2020-2024.<\/span><\/p>\n<p style=\"text-align: justify;\"><span style=\"font-weight: 400;\">Con tres d\u00e9cadas de laborar como docente, fue motivado a generar cambios desde su labor como supervisor y coordinador del Ejercicio Profesional Supervisado (EPS) del \u00e1rea t\u00e9cnica. Se dio a la tarea mejorar el pensum de estudios en 1993, esto, seg\u00fan explica, permiti\u00f3 hacer un ajuste. \u201cHay cursos que, honestamente, para el quehacer de un comunicador no funcionan\u201d, coment\u00f3.\u00a0<\/span><\/p>\n<p style=\"text-align: justify;\"><span style=\"font-weight: 400;\">\u00a0\u201cCreo que, como rey feo, haber criticado algunas acciones de car\u00e1cter administrativo o docente, haber vivido tantos a\u00f1os con algunas situaciones lamentables dentro de nuestra unidad acad\u00e9mica y haber encontrado la plataforma de docentes, egresados y estudiantes que dieron vida al proyecto Comunicambio 2020 son circunstancias para generar actualizaci\u00f3n y oportunidades\u201d, dijo.\u00a0<\/span><\/p>\n<p><img loading=\"lazy\" decoding=\"async\" class=\"aligncenter size-full wp-image-9030\" src=\"https:\/\/soy.usac.edu.gt\/wp-content\/uploads\/2019\/10\/TUIZ3Kd2TAOhMX4DwpKmQ_thumb_7.jpg\" alt=\"\" width=\"1086\" height=\"724\" srcset=\"https:\/\/soy.usac.edu.gt\/wp-content\/uploads\/2019\/10\/TUIZ3Kd2TAOhMX4DwpKmQ_thumb_7.jpg 1086w, https:\/\/soy.usac.edu.gt\/wp-content\/uploads\/2019\/10\/TUIZ3Kd2TAOhMX4DwpKmQ_thumb_7-300x200.jpg 300w, https:\/\/soy.usac.edu.gt\/wp-content\/uploads\/2019\/10\/TUIZ3Kd2TAOhMX4DwpKmQ_thumb_7-768x512.jpg 768w, https:\/\/soy.usac.edu.gt\/wp-content\/uploads\/2019\/10\/TUIZ3Kd2TAOhMX4DwpKmQ_thumb_7-1024x683.jpg 1024w, https:\/\/soy.usac.edu.gt\/wp-content\/uploads\/2019\/10\/TUIZ3Kd2TAOhMX4DwpKmQ_thumb_7-630x420.jpg 630w, https:\/\/soy.usac.edu.gt\/wp-content\/uploads\/2019\/10\/TUIZ3Kd2TAOhMX4DwpKmQ_thumb_7-640x427.jpg 640w, https:\/\/soy.usac.edu.gt\/wp-content\/uploads\/2019\/10\/TUIZ3Kd2TAOhMX4DwpKmQ_thumb_7-681x454.jpg 681w\" sizes=\"auto, (max-width: 1086px) 100vw, 1086px\" \/><\/p>\n<h4 style=\"text-align: justify;\"><b>\u00bfC\u00f3mo revalorizar la carrera de comunicaci\u00f3n?\u00a0<\/b><\/h4>\n<p style=\"text-align: justify;\"><span style=\"font-weight: 400;\">\u201cLo primero que se detect\u00f3 es que la escuela no tiene perfil de ingreso y menos de egreso, esto nos lleva a cambiar el pensum y tener claro el perfil que buscamos en los profesionales. Queremos generar el Primer Congreso Nacional de Comunicadores. La USAC es la rectora de la educaci\u00f3n superior\u00a0 y se debe asumir un papel hist\u00f3rico como unidad acad\u00e9mica.\u00a0<\/span><\/p>\n<p style=\"text-align: justify;\"><span style=\"font-weight: 400;\">La escuela debe ser pionera en generar, gestionar, proponer y crear mecanismos en los cuales se dignifique nuestra carrera, todo ello, con el prop\u00f3sito de fundar el Colegio de Comunicadores, ese fue uno de los elementos claves del plan de trabajo\u201d, afirm\u00f3.\u00a0\u00a0\u00a0<\/span><\/p>\n<p style=\"text-align: justify;\"><span style=\"font-weight: 400;\">Al tener el colegio, asegura Paiz, se velar\u00e1 por la actualizaci\u00f3n de los egresados. Con el amparo del colegio, se abrir\u00e1 la brecha en un ambiente de transparencia, motivaci\u00f3n y est\u00edmulo de las capacidades de nuestros egresados.<\/span><\/p>\n<p style=\"text-align: justify;\"><span style=\"font-weight: 400;\">\u201cMe interesa inyectar esa energ\u00eda y experiencia a los alumnos, para qu\u00e9 tocar puertas, si tenemos una gran cantidad de brillantes egresados. No lo digo yo, lo dice su trabajo, profesionalismo y credibilidad. Ahora se necesitan profesionales integrales, a eso le apuntamos\u201d, expuso.<\/span><\/p>\n<p style=\"text-align: justify;\"><span style=\"font-weight: 400;\"><img loading=\"lazy\" decoding=\"async\" class=\"aligncenter size-full wp-image-9031\" src=\"https:\/\/soy.usac.edu.gt\/wp-content\/uploads\/2019\/10\/34BjhHIUSuqpMuH3Mdgg_thumb_4.jpg\" alt=\"\" width=\"1086\" height=\"724\" srcset=\"https:\/\/soy.usac.edu.gt\/wp-content\/uploads\/2019\/10\/34BjhHIUSuqpMuH3Mdgg_thumb_4.jpg 1086w, https:\/\/soy.usac.edu.gt\/wp-content\/uploads\/2019\/10\/34BjhHIUSuqpMuH3Mdgg_thumb_4-300x200.jpg 300w, https:\/\/soy.usac.edu.gt\/wp-content\/uploads\/2019\/10\/34BjhHIUSuqpMuH3Mdgg_thumb_4-768x512.jpg 768w, https:\/\/soy.usac.edu.gt\/wp-content\/uploads\/2019\/10\/34BjhHIUSuqpMuH3Mdgg_thumb_4-1024x683.jpg 1024w, https:\/\/soy.usac.edu.gt\/wp-content\/uploads\/2019\/10\/34BjhHIUSuqpMuH3Mdgg_thumb_4-630x420.jpg 630w, https:\/\/soy.usac.edu.gt\/wp-content\/uploads\/2019\/10\/34BjhHIUSuqpMuH3Mdgg_thumb_4-640x427.jpg 640w, https:\/\/soy.usac.edu.gt\/wp-content\/uploads\/2019\/10\/34BjhHIUSuqpMuH3Mdgg_thumb_4-681x454.jpg 681w\" sizes=\"auto, (max-width: 1086px) 100vw, 1086px\" \/>\u00a0<\/span><\/p>\n<blockquote class=\"td_quote_box td_box_center\">\n<p>\u00a0<\/p>\n<h4 style=\"text-align: justify;\"><b>\u00abCambiar el pensum y ampliar los recursos tecnol\u00f3gicos son l\u00edneas paralelas que en un momento se unen y complementan\u00bb.<\/b><\/h4>\n<\/blockquote>\n<h4 style=\"text-align: justify;\"><span style=\"font-weight: 400;\">Los profesionales se est\u00e1n graduando en masa, <\/span><b>\u00bfa qu\u00e9 mercado est\u00e1n saliendo, si este se reduce cada vez m\u00e1s?<\/b><span style=\"font-weight: 400;\">\u00a0<\/span><\/h4>\n<p style=\"text-align: justify;\"><span style=\"font-weight: 400;\">\u201cEn parte de mi mensaje de paso de aulas les dec\u00eda: <\/span><span style=\"font-weight: 400;\">\u00b4<\/span><span style=\"font-weight: 400;\">Tengo dos noticias: una buena y otra mala. La buena es que escogieron una carrera social humanista, con muchas facetas por descubrir, pero la\u00a0 mala es que no hay trabajo<\/span><span style=\"font-weight: 400;\">\u201d.<\/span><\/p>\n<p style=\"text-align: justify;\"><span style=\"font-weight: 400;\">Con esta realidad me enfrento; las ciencias de la comunicaci\u00f3n no son para lucirse en la televisi\u00f3n o la radio. Se necesita saber cu\u00e1l es el enfoque, hoy todo ha cambiado dentro de los medios, hay que diversificar. He tenido acercamiento con las academias de doblaje para generar especializaciones, se deben potencializar las \u00e1reas de fotograf\u00eda, edici\u00f3n y producci\u00f3n\u201d.<\/span><\/p>\n<p style=\"text-align: justify;\"><span style=\"font-weight: 400;\">Para lograr lo anterior se debe contar con docentes actualizados y conocedores de cada una de las especialidades.\u00a0 Paiz indica que cuenta con 24 docentes que formar\u00e1n parte del proyecto.<\/span><\/p>\n<p><img loading=\"lazy\" decoding=\"async\" class=\"aligncenter size-full wp-image-9032\" src=\"https:\/\/soy.usac.edu.gt\/wp-content\/uploads\/2019\/10\/0VbvHgefT2u6btv0iuFJNQ_thumb_6.jpg\" alt=\"\" width=\"1086\" height=\"724\" srcset=\"https:\/\/soy.usac.edu.gt\/wp-content\/uploads\/2019\/10\/0VbvHgefT2u6btv0iuFJNQ_thumb_6.jpg 1086w, https:\/\/soy.usac.edu.gt\/wp-content\/uploads\/2019\/10\/0VbvHgefT2u6btv0iuFJNQ_thumb_6-300x200.jpg 300w, https:\/\/soy.usac.edu.gt\/wp-content\/uploads\/2019\/10\/0VbvHgefT2u6btv0iuFJNQ_thumb_6-768x512.jpg 768w, https:\/\/soy.usac.edu.gt\/wp-content\/uploads\/2019\/10\/0VbvHgefT2u6btv0iuFJNQ_thumb_6-1024x683.jpg 1024w, https:\/\/soy.usac.edu.gt\/wp-content\/uploads\/2019\/10\/0VbvHgefT2u6btv0iuFJNQ_thumb_6-630x420.jpg 630w, https:\/\/soy.usac.edu.gt\/wp-content\/uploads\/2019\/10\/0VbvHgefT2u6btv0iuFJNQ_thumb_6-640x427.jpg 640w, https:\/\/soy.usac.edu.gt\/wp-content\/uploads\/2019\/10\/0VbvHgefT2u6btv0iuFJNQ_thumb_6-681x454.jpg 681w\" sizes=\"auto, (max-width: 1086px) 100vw, 1086px\" \/><\/p>\n<h4 style=\"text-align: justify;\"><b>\u00bfQu\u00e9 puede hablar sobre la <\/b><b>actualizaci\u00f3n del pensum<\/b><span style=\"font-weight: 400;\">? <\/span><\/h4>\n<p style=\"text-align: justify;\"><span style=\"font-weight: 400;\">Este es un clamor general y una necesidad imperativa de la modernidad. El pensum actual data de mediados de los 80, con un arbitrario ajuste realizado a inicios de los 2000, que lejos de mejorar, empeor\u00f3 la situaci\u00f3n.\u00a0<\/span><\/p>\n<p style=\"text-align: justify;\"><span style=\"font-weight: 400;\">Nuestra propuesta es partir de una metodolog\u00eda dise\u00f1ada por colegas expertos en la materia, liderados por Gustavo Yela, Regina Miranda y Jairo Alarc\u00f3n. La base ser\u00e1 llevada a la Convenci\u00f3n Nacional de la Comunicaci\u00f3n, en la que habr\u00e1 mesas de trabajo donde ser\u00e1 esencial la participaci\u00f3n de colegas alejados de la escuela pero inmersos en la din\u00e1mica social, cuya experiencia en distintas responsabilidades de alto nivel en los sectores p\u00fablico, privado y de ONG ser\u00e1 de enorme utilidad para aportar propuestas. El proceso se abrir\u00e1 al sector estudiantil y su dirigencia para coronarse con jornadas internas que tendr\u00e1n como resultado un pensum a la altura de las exigencias y las circunstancias.<\/span><\/p>\n<h4 style=\"text-align: justify;\"><b>\u00bfTrabajar\u00e1 para que la escuela se convierta en facultad?\u00a0<\/b><\/h4>\n<p style=\"text-align: justify;\"><span style=\"font-weight: 400;\">La carrera es una disciplina \u00edntimamente vinculada con las din\u00e1micas sociales. La USAC de hoy no es como cuando se establecieron las leyes que siguen rigi\u00e9ndola. Las escuelas est\u00e1n al margen de las deliberaciones y decisiones que se toman en el Consejo Superior Universitario, de manera que el gobierno universitario debe abrirse. En ese contexto, la escuela debe ser elevada a facultad porque no solo re\u00fane todos los requisitos sino que esta es una necesidad acad\u00e9mica.\u00a0<\/span><\/p>\n<p style=\"text-align: justify;\"><span style=\"font-weight: 400;\">Nuestra propuesta parte, entonces, de respaldar iniciativas de superaci\u00f3n impulsadas por el gremio profesional de la comunicaci\u00f3n, las cuales tendr\u00e1n el apoyo institucional. Es un proceso que, como lo he afirmado, no ser\u00e1 de resultados inmediatos, pero mi administraci\u00f3n lo dejar\u00e1 bien encaminado. Es un tema de aportes estudiantiles, profesionales y de la Direcci\u00f3n.<\/span><\/p>\n<p><img loading=\"lazy\" decoding=\"async\" class=\"aligncenter size-full wp-image-9033\" src=\"https:\/\/soy.usac.edu.gt\/wp-content\/uploads\/2019\/10\/OPnEOjTBS0Grca4kZeuIoA_thumb_2.jpg\" alt=\"\" width=\"1086\" height=\"724\" srcset=\"https:\/\/soy.usac.edu.gt\/wp-content\/uploads\/2019\/10\/OPnEOjTBS0Grca4kZeuIoA_thumb_2.jpg 1086w, https:\/\/soy.usac.edu.gt\/wp-content\/uploads\/2019\/10\/OPnEOjTBS0Grca4kZeuIoA_thumb_2-300x200.jpg 300w, https:\/\/soy.usac.edu.gt\/wp-content\/uploads\/2019\/10\/OPnEOjTBS0Grca4kZeuIoA_thumb_2-768x512.jpg 768w, https:\/\/soy.usac.edu.gt\/wp-content\/uploads\/2019\/10\/OPnEOjTBS0Grca4kZeuIoA_thumb_2-1024x683.jpg 1024w, https:\/\/soy.usac.edu.gt\/wp-content\/uploads\/2019\/10\/OPnEOjTBS0Grca4kZeuIoA_thumb_2-630x420.jpg 630w, https:\/\/soy.usac.edu.gt\/wp-content\/uploads\/2019\/10\/OPnEOjTBS0Grca4kZeuIoA_thumb_2-640x427.jpg 640w, https:\/\/soy.usac.edu.gt\/wp-content\/uploads\/2019\/10\/OPnEOjTBS0Grca4kZeuIoA_thumb_2-681x454.jpg 681w\" sizes=\"auto, (max-width: 1086px) 100vw, 1086px\" \/><\/p>\n<h4 style=\"text-align: justify;\"><b>\u00bfLa tecnolog\u00eda en el campo de la comunicaci\u00f3n es determinante?<\/b><\/h4>\n<p style=\"text-align: justify;\"><span style=\"font-weight: 400;\">Cambiar el pensum y ampliar los recursos tecnol\u00f3gicos son l\u00edneas paralelas que en un momento se unen y complementan. Como tambi\u00e9n lo he expresado, es necesario actualizar toda la tecnolog\u00eda y la pedagog\u00eda para garantizar el proceso de ense\u00f1anza-aprendizaje. La comunicaci\u00f3n es modernidad, y la modernidad implica tecnolog\u00eda para los procesos acad\u00e9micos y administrativos. Obviamente, es una cuesti\u00f3n de recursos, para lo que es fundamental el dise\u00f1o de presupuestos coherentes.<\/span><\/p>\n<p style=\"text-align: justify;\"><span style=\"font-weight: 400;\">Concluye que cada voto emitido es una reafirmaci\u00f3n de la confianza en el proyecto. Espera que todo se d\u00e9 en un ambiente cordial y se acepte el reto de generar cambios que beneficien a los estudiantes, que motiven y estimulen no solo la participaci\u00f3n, sino la actualizaci\u00f3n e incorporaci\u00f3n de egresados a la escuela para idear espacios de trabajo en equipo.<\/span><\/p>\n<p style=\"text-align: justify;\"><img loading=\"lazy\" decoding=\"async\" class=\"aligncenter size-full wp-image-7750\" src=\"https:\/\/soy.usac.edu.gt\/wp-content\/uploads\/2019\/07\/Cre\u0301ditos-prensa-24.png\" alt=\"\" width=\"5079\" height=\"1960\" srcset=\"https:\/\/soy.usac.edu.gt\/wp-content\/uploads\/2019\/07\/Cre\u0301ditos-prensa-24.png 5079w, https:\/\/soy.usac.edu.gt\/wp-content\/uploads\/2019\/07\/Cre\u0301ditos-prensa-24-300x116.png 300w, https:\/\/soy.usac.edu.gt\/wp-content\/uploads\/2019\/07\/Cre\u0301ditos-prensa-24-768x296.png 768w, https:\/\/soy.usac.edu.gt\/wp-content\/uploads\/2019\/07\/Cre\u0301ditos-prensa-24-1024x395.png 1024w, https:\/\/soy.usac.edu.gt\/wp-content\/uploads\/2019\/07\/Cre\u0301ditos-prensa-24-1088x420.png 1088w, https:\/\/soy.usac.edu.gt\/wp-content\/uploads\/2019\/07\/Cre\u0301ditos-prensa-24-640x247.png 640w, https:\/\/soy.usac.edu.gt\/wp-content\/uploads\/2019\/07\/Cre\u0301ditos-prensa-24-681x263.png 681w\" sizes=\"auto, (max-width: 5079px) 100vw, 5079px\" \/><\/p>\n\n","protected":false},"excerpt":{"rendered":"<p>De temperamento afable y preciso al hablar son caracter\u00edsticas de C\u00e9sar Paiz, director electo de la Escuela de Ciencias de la Comunicaci\u00f3n.<\/p>\n","protected":false},"author":1,"featured_media":9028,"comment_status":"closed","ping_status":"open","sticky":false,"template":"","format":"standard","meta":{"_exactmetrics_skip_tracking":false,"_exactmetrics_sitenote_active":false,"_exactmetrics_sitenote_note":"","_exactmetrics_sitenote_category":0,"_jetpack_memberships_contains_paid_content":false,"footnotes":""},"categories":[152,29],"tags":[563,167],"class_list":["post-9024","post","type-post","status-publish","format-standard","has-post-thumbnail","hentry","category-entrevistas","category-noticias","tag-cesar-paiz","tag-escuela-de-ciencias-de-la-comunicacion"],"aioseo_notices":[],"jetpack_featured_media_url":"https:\/\/soy.usac.edu.gt\/wp-content\/uploads\/2019\/10\/7gmbHtMQge8YiOlGJtQ5g_thumb_5.jpg","views":"","jetpack-related-posts":[{"id":10809,"url":"https:\/\/soy.usac.edu.gt\/?p=10809","url_meta":{"origin":9024,"position":0},"title":"C\u00e9sar Paiz es declarado director de Ciencias de la Comunicaci\u00f3n\u00a0","author":"Erick Iv\u00e1n de Le\u00f3n","date":"21 febrero, 2020","format":false,"excerpt":"El Consejo Superior Universitario jurament\u00f3 al Lic. C\u00e9sar Paiz para el cargo de director de la Escuela de Ciencias de la Comunicaci\u00f3n (ECC), periodo 2020-2024, en un acto protocolario realizado en el museo universitario, al que asistieron profesionales, catedr\u00e1ticos, alumnos y otros invitados.","rel":"","context":"En \u00abNoticias\u00bb","block_context":{"text":"Noticias","link":"https:\/\/soy.usac.edu.gt\/?cat=29"},"img":{"alt_text":"","src":"https:\/\/i0.wp.com\/soy.usac.edu.gt\/wp-content\/uploads\/2020\/02\/ECC-021.jpg?resize=350%2C200&ssl=1","width":350,"height":200,"srcset":"https:\/\/i0.wp.com\/soy.usac.edu.gt\/wp-content\/uploads\/2020\/02\/ECC-021.jpg?resize=350%2C200&ssl=1 1x, https:\/\/i0.wp.com\/soy.usac.edu.gt\/wp-content\/uploads\/2020\/02\/ECC-021.jpg?resize=525%2C300&ssl=1 1.5x, https:\/\/i0.wp.com\/soy.usac.edu.gt\/wp-content\/uploads\/2020\/02\/ECC-021.jpg?resize=700%2C400&ssl=1 2x, https:\/\/i0.wp.com\/soy.usac.edu.gt\/wp-content\/uploads\/2020\/02\/ECC-021.jpg?resize=1050%2C600&ssl=1 3x"},"classes":[]},{"id":10162,"url":"https:\/\/soy.usac.edu.gt\/?p=10162","url_meta":{"origin":9024,"position":1},"title":"USAC firma acuerdo para promover investigaci\u00f3n y ense\u00f1anza de recursos renovables","author":"Divisi\u00f3n de Publicidad","date":"12 diciembre, 2019","format":false,"excerpt":"La Universidad de San Carlos de Guatemala y la Escuela Nacional Central de Agricultura (ENCA), trabajar\u00e1n en conjunto para promover la educaci\u00f3n e investigaci\u00f3n en agricultura y manejo de recursos renovables.\u00a0","rel":"","context":"En \u00abNoticias\u00bb","block_context":{"text":"Noticias","link":"https:\/\/soy.usac.edu.gt\/?cat=29"},"img":{"alt_text":"","src":"https:\/\/i0.wp.com\/soy.usac.edu.gt\/wp-content\/uploads\/2019\/12\/convenio-enca.jpeg?resize=350%2C200&ssl=1","width":350,"height":200,"srcset":"https:\/\/i0.wp.com\/soy.usac.edu.gt\/wp-content\/uploads\/2019\/12\/convenio-enca.jpeg?resize=350%2C200&ssl=1 1x, https:\/\/i0.wp.com\/soy.usac.edu.gt\/wp-content\/uploads\/2019\/12\/convenio-enca.jpeg?resize=525%2C300&ssl=1 1.5x, https:\/\/i0.wp.com\/soy.usac.edu.gt\/wp-content\/uploads\/2019\/12\/convenio-enca.jpeg?resize=700%2C400&ssl=1 2x, https:\/\/i0.wp.com\/soy.usac.edu.gt\/wp-content\/uploads\/2019\/12\/convenio-enca.jpeg?resize=1050%2C600&ssl=1 3x"},"classes":[]},{"id":4214,"url":"https:\/\/soy.usac.edu.gt\/?p=4214","url_meta":{"origin":9024,"position":2},"title":"TV USAC realizar\u00e1 producciones en conjunto con la ECC","author":"Erick Iv\u00e1n de Le\u00f3n","date":"21 febrero, 2019","format":false,"excerpt":"La cooperaci\u00f3n caracteriza a la humanidad, incluida la efectuada en el campo acad\u00e9mico. As\u00ed, las autoridades de Rector\u00eda, Escuela de Ciencias de la Comunicaci\u00f3n (ECC) y Direcci\u00f3n General de Extensi\u00f3n Universitaria (DIGEU) suscribieron un acuerdo de colaboraci\u00f3n con el que se realizar\u00e1n proyectos de inter\u00e9s acad\u00e9mico y social. El rector,\u2026","rel":"","context":"En \u00abNoticias\u00bb","block_context":{"text":"Noticias","link":"https:\/\/soy.usac.edu.gt\/?cat=29"},"img":{"alt_text":"","src":"https:\/\/i0.wp.com\/soy.usac.edu.gt\/wp-content\/uploads\/2019\/02\/DSC_0097.jpg?resize=350%2C200&ssl=1","width":350,"height":200,"srcset":"https:\/\/i0.wp.com\/soy.usac.edu.gt\/wp-content\/uploads\/2019\/02\/DSC_0097.jpg?resize=350%2C200&ssl=1 1x, https:\/\/i0.wp.com\/soy.usac.edu.gt\/wp-content\/uploads\/2019\/02\/DSC_0097.jpg?resize=525%2C300&ssl=1 1.5x, https:\/\/i0.wp.com\/soy.usac.edu.gt\/wp-content\/uploads\/2019\/02\/DSC_0097.jpg?resize=700%2C400&ssl=1 2x, https:\/\/i0.wp.com\/soy.usac.edu.gt\/wp-content\/uploads\/2019\/02\/DSC_0097.jpg?resize=1050%2C600&ssl=1 3x, https:\/\/i0.wp.com\/soy.usac.edu.gt\/wp-content\/uploads\/2019\/02\/DSC_0097.jpg?resize=1400%2C800&ssl=1 4x"},"classes":[]},{"id":6968,"url":"https:\/\/soy.usac.edu.gt\/?p=6968","url_meta":{"origin":9024,"position":3},"title":"Reconocen labor de  catedr\u00e1ticos sancarlistas","author":"Divisi\u00f3n de Publicidad","date":"25 junio, 2019","format":false,"excerpt":"Catedr\u00e1ticos universitarios fueron reconocidos por su excelencia y trayectoria.\u00a0","rel":"","context":"En \u00abNoticias\u00bb","block_context":{"text":"Noticias","link":"https:\/\/soy.usac.edu.gt\/?cat=29"},"img":{"alt_text":"","src":"https:\/\/i0.wp.com\/soy.usac.edu.gt\/wp-content\/uploads\/2019\/06\/DESTACADA.jpeg?resize=350%2C200&ssl=1","width":350,"height":200,"srcset":"https:\/\/i0.wp.com\/soy.usac.edu.gt\/wp-content\/uploads\/2019\/06\/DESTACADA.jpeg?resize=350%2C200&ssl=1 1x, https:\/\/i0.wp.com\/soy.usac.edu.gt\/wp-content\/uploads\/2019\/06\/DESTACADA.jpeg?resize=525%2C300&ssl=1 1.5x, https:\/\/i0.wp.com\/soy.usac.edu.gt\/wp-content\/uploads\/2019\/06\/DESTACADA.jpeg?resize=700%2C400&ssl=1 2x, https:\/\/i0.wp.com\/soy.usac.edu.gt\/wp-content\/uploads\/2019\/06\/DESTACADA.jpeg?resize=1050%2C600&ssl=1 3x"},"classes":[]},{"id":9501,"url":"https:\/\/soy.usac.edu.gt\/?p=9501","url_meta":{"origin":9024,"position":4},"title":"Capacitan a trabajadores para mejorar la atenci\u00f3n a estudiantes","author":"Divisi\u00f3n de Publicidad","date":"31 octubre, 2019","format":false,"excerpt":"Trabajadores administrativos recibieron una capacitaci\u00f3n para mejorar la atenci\u00f3n de orientaci\u00f3n a los usuarios.","rel":"","context":"En \u00abNoticias\u00bb","block_context":{"text":"Noticias","link":"https:\/\/soy.usac.edu.gt\/?cat=29"},"img":{"alt_text":"","src":"https:\/\/i0.wp.com\/soy.usac.edu.gt\/wp-content\/uploads\/2019\/10\/3-9.jpg?resize=350%2C200&ssl=1","width":350,"height":200,"srcset":"https:\/\/i0.wp.com\/soy.usac.edu.gt\/wp-content\/uploads\/2019\/10\/3-9.jpg?resize=350%2C200&ssl=1 1x, https:\/\/i0.wp.com\/soy.usac.edu.gt\/wp-content\/uploads\/2019\/10\/3-9.jpg?resize=525%2C300&ssl=1 1.5x, https:\/\/i0.wp.com\/soy.usac.edu.gt\/wp-content\/uploads\/2019\/10\/3-9.jpg?resize=700%2C400&ssl=1 2x, https:\/\/i0.wp.com\/soy.usac.edu.gt\/wp-content\/uploads\/2019\/10\/3-9.jpg?resize=1050%2C600&ssl=1 3x, https:\/\/i0.wp.com\/soy.usac.edu.gt\/wp-content\/uploads\/2019\/10\/3-9.jpg?resize=1400%2C800&ssl=1 4x"},"classes":[]},{"id":12456,"url":"https:\/\/soy.usac.edu.gt\/?p=12456","url_meta":{"origin":9024,"position":5},"title":"CODECER manifiesta su apoyo al CSU para concretar el contrato de pr\u00e9stamo con el BCIE","author":"Divisi\u00f3n de Publicidad","date":"23 septiembre, 2020","format":false,"excerpt":"El Consejo de Directores de Centros Universitarios y Escuelas no Facultativas ha otorgado y reitera su apoyo irrestricto al Consejo Superior Universitario y al se\u00f1or Rector Ing. Murphy Olimpo Paiz.","rel":"","context":"En \u00abNoticias\u00bb","block_context":{"text":"Noticias","link":"https:\/\/soy.usac.edu.gt\/?cat=29"},"img":{"alt_text":"","src":"","width":0,"height":0},"classes":[]}],"jetpack_sharing_enabled":true,"_links":{"self":[{"href":"https:\/\/soy.usac.edu.gt\/index.php?rest_route=\/wp\/v2\/posts\/9024","targetHints":{"allow":["GET"]}}],"collection":[{"href":"https:\/\/soy.usac.edu.gt\/index.php?rest_route=\/wp\/v2\/posts"}],"about":[{"href":"https:\/\/soy.usac.edu.gt\/index.php?rest_route=\/wp\/v2\/types\/post"}],"author":[{"embeddable":true,"href":"https:\/\/soy.usac.edu.gt\/index.php?rest_route=\/wp\/v2\/users\/1"}],"replies":[{"embeddable":true,"href":"https:\/\/soy.usac.edu.gt\/index.php?rest_route=%2Fwp%2Fv2%2Fcomments&post=9024"}],"version-history":[{"count":0,"href":"https:\/\/soy.usac.edu.gt\/index.php?rest_route=\/wp\/v2\/posts\/9024\/revisions"}],"wp:featuredmedia":[{"embeddable":true,"href":"https:\/\/soy.usac.edu.gt\/index.php?rest_route=\/wp\/v2\/media\/9028"}],"wp:attachment":[{"href":"https:\/\/soy.usac.edu.gt\/index.php?rest_route=%2Fwp%2Fv2%2Fmedia&parent=9024"}],"wp:term":[{"taxonomy":"category","embeddable":true,"href":"https:\/\/soy.usac.edu.gt\/index.php?rest_route=%2Fwp%2Fv2%2Fcategories&post=9024"},{"taxonomy":"post_tag","embeddable":true,"href":"https:\/\/soy.usac.edu.gt\/index.php?rest_route=%2Fwp%2Fv2%2Ftags&post=9024"}],"curies":[{"name":"wp","href":"https:\/\/api.w.org\/{rel}","templated":true}]}}