{"id":9053,"date":"2019-10-30T07:00:33","date_gmt":"2019-10-30T13:00:33","guid":{"rendered":"https:\/\/soy.usac.edu.gt\/?p=9053"},"modified":"2019-10-30T08:29:20","modified_gmt":"2019-10-30T14:29:20","slug":"consigue-una-beca-en-estados-unidos","status":"publish","type":"post","link":"https:\/\/soy.usac.edu.gt\/?p=9053","title":{"rendered":"Consigue una beca en Estados Unidos"},"content":{"rendered":"\n<p style=\"text-align: justify;\"><b><i>Education USA estar\u00e1 dando oportunidades a guatemaltecos\u00a0 para estudiar en Estados Unidos.<\/i><\/b><\/p>\n<p><strong>Por Allan Garc\u00eda<\/strong><\/p>\n<p style=\"text-align: justify;\"><span style=\"font-weight: 400;\">Education USA es un programa que da oportunidades a estudiantes guatemaltecos que tienen buen rendimiento acad\u00e9mico para que obtengan becas y reciban capacitaciones en una universidad de Estados Unidos.\u00a0<\/span><\/p>\n<p style=\"text-align: justify;\">\u00a0<\/p>\n<h4 style=\"text-align: justify;\"><b><i>\u00a0Competitive College Clup (CCC):<\/i><\/b><\/h4>\n<p style=\"text-align: justify;\"><span style=\"font-weight: 400;\">Competitive College Clup (CCC) es un programa intensivo de preparaci\u00f3n y acompa\u00f1amiento para estudiantes talentosos con altas probabilidades de ser recibidos en universidades de Estados Unidos para optar a licenciaturas.\u00a0<\/span><\/p>\n<p style=\"text-align: justify;\"><span style=\"font-weight: 400;\">El CCC busca aportar herramientas para mejorar sus oportunidades de admisi\u00f3n a trav\u00e9s de clases de preparaci\u00f3n para ex\u00e1menes estandarizados, voluntariados y otros.<\/span><span style=\"font-weight: 400;\"> En 2020 tendr\u00e1 sedes en la ciudad de Guatemala, Quetzaltenango, Solol\u00e1 y Cob\u00e1n; adicionalmente, proporcionar\u00e1 a 5 estudiantes con necesidad financiera la opci\u00f3n de formar parte de <\/span><span style=\"font-weight: 400;\">Oportunity Funs para cubrir los costos de la aplicaci\u00f3n y otros gastos.\u00a0<\/span><\/p>\n<p style=\"text-align: justify;\"><b><i>Requisitos para acceder:<\/i><\/b><\/p>\n<ul style=\"text-align: justify;\">\n<li><span style=\"font-weight: 400;\">Vivir en la Rep\u00fablica de Guatemala.<\/span><\/li>\n<\/ul>\n<ul style=\"text-align: justify;\">\n<li><span style=\"font-weight: 400;\">Contar con un promedio m\u00ednimo de 85 puntos en los \u00faltimos 4 a\u00f1os.<\/span><\/li>\n<\/ul>\n<ul style=\"text-align: justify;\">\n<li><span style=\"font-weight: 400;\">Tener un nivel avanzado de ingl\u00e9s.<\/span><\/li>\n<\/ul>\n<ul style=\"text-align: justify;\">\n<li><span style=\"font-weight: 400;\">Disponer de 4 horas por semana durante 2020 y tiempo para realizar actividades extracurriculares (voluntariados y otros) de marzo a noviembre.<\/span><\/li>\n<\/ul>\n<ul style=\"text-align: justify;\">\n<li><span style=\"font-weight: 400;\">Poder iniciar estudios de pregrado (licenciatura) en 2021.\u00a0<\/span><\/li>\n<\/ul>\n<ul style=\"text-align: justify;\">\n<li><span style=\"font-weight: 400;\">Ser una persona l\u00edder comprometida con su formaci\u00f3n y futuro.<\/span><\/li>\n<\/ul>\n<h3 style=\"text-align: justify;\"><span style=\"font-weight: 400;\">La aplicaci\u00f3n para la inscripci\u00f3n ya est\u00e1 disponible en este enlace: <\/span><span style=\"color: #00ccff;\"><a style=\"color: #00ccff;\" href=\"http:\/\/bit.ly\/CCCOF2020\"><span style=\"font-weight: 400;\">http:\/\/bit.ly\/CCCOF2020<\/span><\/a>\u00a0<\/span><\/h3>\n<p>\u00a0<\/p>\n<figure id=\"attachment_9073\" aria-describedby=\"caption-attachment-9073\" style=\"width: 1024px\" class=\"wp-caption aligncenter\"><img loading=\"lazy\" decoding=\"async\" class=\"wp-image-9073 size-full\" src=\"https:\/\/soy.usac.edu.gt\/wp-content\/uploads\/2019\/10\/memorial-Nacional-Monte-Rushmore-1024x768.jpg\" alt=\"\" width=\"1024\" height=\"768\" srcset=\"https:\/\/soy.usac.edu.gt\/wp-content\/uploads\/2019\/10\/memorial-Nacional-Monte-Rushmore-1024x768.jpg 1024w, https:\/\/soy.usac.edu.gt\/wp-content\/uploads\/2019\/10\/memorial-Nacional-Monte-Rushmore-1024x768-300x225.jpg 300w, https:\/\/soy.usac.edu.gt\/wp-content\/uploads\/2019\/10\/memorial-Nacional-Monte-Rushmore-1024x768-768x576.jpg 768w, https:\/\/soy.usac.edu.gt\/wp-content\/uploads\/2019\/10\/memorial-Nacional-Monte-Rushmore-1024x768-560x420.jpg 560w, https:\/\/soy.usac.edu.gt\/wp-content\/uploads\/2019\/10\/memorial-Nacional-Monte-Rushmore-1024x768-80x60.jpg 80w, https:\/\/soy.usac.edu.gt\/wp-content\/uploads\/2019\/10\/memorial-Nacional-Monte-Rushmore-1024x768-100x75.jpg 100w, https:\/\/soy.usac.edu.gt\/wp-content\/uploads\/2019\/10\/memorial-Nacional-Monte-Rushmore-1024x768-180x135.jpg 180w, https:\/\/soy.usac.edu.gt\/wp-content\/uploads\/2019\/10\/memorial-Nacional-Monte-Rushmore-1024x768-238x178.jpg 238w, https:\/\/soy.usac.edu.gt\/wp-content\/uploads\/2019\/10\/memorial-Nacional-Monte-Rushmore-1024x768-640x480.jpg 640w, https:\/\/soy.usac.edu.gt\/wp-content\/uploads\/2019\/10\/memorial-Nacional-Monte-Rushmore-1024x768-681x511.jpg 681w\" sizes=\"auto, (max-width: 1024px) 100vw, 1024px\" \/><figcaption id=\"caption-attachment-9073\" class=\"wp-caption-text\">Monte Rushmore, Keystone, Dakota del Sur, Estados Unidos.<\/figcaption><\/figure>\n<h4 style=\"text-align: justify;\"><b><i>Global Undergraduate Exchange Program<\/i><\/b><\/h4>\n<p style=\"text-align: justify;\"><span style=\"font-weight: 400;\">Con estas becas universitarias podr\u00e1s estudiar un semestre completo en una universidad de Estados Unidos con todos los gastos pagados.\u00a0<\/span><\/p>\n<p style=\"text-align: justify;\"><b><i>Requisitos:<\/i><\/b><\/p>\n<ul style=\"text-align: justify;\">\n<li style=\"font-weight: 400;\"><span style=\"font-weight: 400;\">Ser guatemalteco, no tener doble identidad y residir en Guatemala.<\/span><\/li>\n<li style=\"font-weight: 400;\"><span style=\"font-weight: 400;\">Ser estudiantes destacados, que est\u00e9n cursando una licenciatura en alguna universidad de Guatemala y que les quede al menos un a\u00f1o antes de cerrar pensum.\u00a0<\/span><\/li>\n<li style=\"font-weight: 400;\"><span style=\"font-weight: 400;\">Estar comprendido entre los 18 y 24 a\u00f1os de edad.<\/span><\/li>\n<li style=\"font-weight: 400;\"><span style=\"font-weight: 400;\">Demostrar potencial de liderazgo por medio del trabajo acad\u00e9mico.<\/span><\/li>\n<li style=\"font-weight: 400;\"><span style=\"font-weight: 400;\">Dominio del idioma ingl\u00e9s <\/span><span style=\"font-weight: 400;\">a nivel medio o avanzado.<\/span><\/li>\n<li style=\"font-weight: 400;\"><span style=\"font-weight: 400;\">Tener un promedio m\u00ednimo de 80 puntos.<\/span><\/li>\n<\/ul>\n<p style=\"text-align: justify;\"><span style=\"font-weight: 400;\">La convocatoria estar\u00e1 abierta del 1 de octubre al 31 de diciembre.<\/span><\/p>\n<h4 style=\"text-align: justify;\"><b><i>M\u00e1s informaci\u00f3n:<\/i><\/b><\/h4>\n<p style=\"text-align: justify;\"><i><span style=\"font-weight: 400;\">\u201cInstituto Guatemalteco Americano\u201d, interior de la Biblioteca Walt Whitman, ruta 1, 4-05, zona 4.<\/span><\/i><\/p>\n<p style=\"text-align: justify;\"><span style=\"font-weight: 400;\">\u00a0<\/span><a href=\"mailto:educationusa@iga.edu\"><span style=\"font-weight: 400;\">educationusa@iga.edu<\/span><\/a><span style=\"font-weight: 400;\"> \u00a0 \u00a0 \u00a0 T<\/span><i><span style=\"font-weight: 400;\">el: <\/span><\/i><span style=\"font-weight: 400;\">2422-5590<\/span><\/p>\n<p>\u00a0<\/p>\n<figure id=\"attachment_9075\" aria-describedby=\"caption-attachment-9075\" style=\"width: 2119px\" class=\"wp-caption aligncenter\"><img loading=\"lazy\" decoding=\"async\" class=\"wp-image-9075 size-full\" src=\"https:\/\/soy.usac.edu.gt\/wp-content\/uploads\/2019\/10\/img_mbigas_20190301-103451_imagenes_lv_terceros_curva_4_6_762442344-816.jpg\" alt=\"\" width=\"2119\" height=\"1414\" srcset=\"https:\/\/soy.usac.edu.gt\/wp-content\/uploads\/2019\/10\/img_mbigas_20190301-103451_imagenes_lv_terceros_curva_4_6_762442344-816.jpg 2119w, https:\/\/soy.usac.edu.gt\/wp-content\/uploads\/2019\/10\/img_mbigas_20190301-103451_imagenes_lv_terceros_curva_4_6_762442344-816-300x200.jpg 300w, https:\/\/soy.usac.edu.gt\/wp-content\/uploads\/2019\/10\/img_mbigas_20190301-103451_imagenes_lv_terceros_curva_4_6_762442344-816-768x512.jpg 768w, https:\/\/soy.usac.edu.gt\/wp-content\/uploads\/2019\/10\/img_mbigas_20190301-103451_imagenes_lv_terceros_curva_4_6_762442344-816-1024x683.jpg 1024w, https:\/\/soy.usac.edu.gt\/wp-content\/uploads\/2019\/10\/img_mbigas_20190301-103451_imagenes_lv_terceros_curva_4_6_762442344-816-629x420.jpg 629w, https:\/\/soy.usac.edu.gt\/wp-content\/uploads\/2019\/10\/img_mbigas_20190301-103451_imagenes_lv_terceros_curva_4_6_762442344-816-640x427.jpg 640w, https:\/\/soy.usac.edu.gt\/wp-content\/uploads\/2019\/10\/img_mbigas_20190301-103451_imagenes_lv_terceros_curva_4_6_762442344-816-681x454.jpg 681w\" sizes=\"auto, (max-width: 2119px) 100vw, 2119px\" \/><figcaption id=\"caption-attachment-9075\" class=\"wp-caption-text\">El Gran Ca\u00f1\u00f3n del Colorado, Arizona, Estados Unidos.<\/figcaption><\/figure>\n<h4 style=\"text-align: justify;\"><b><i>Study of the United States Institutes (SUSI)<\/i><\/b><\/h4>\n<p style=\"text-align: justify;\"><span style=\"font-weight: 400;\">El Programa de Historia y Gobierno de Estados Unidos incluir\u00e1 una serie de actividades como debates, lecturas, presentaciones en grupos y conferencias.\u00a0<\/span><\/p>\n<p style=\"text-align: justify;\"><span style=\"font-weight: 400;\">Los componentes de los cursos y actividades de clase ser\u00e1n complementados con viajes educativos, visitas a sitios espec\u00edficos, actividades de liderazgo y oportunidades para realizar trabajos voluntarios en las comunidades locales.<\/span><\/p>\n<p style=\"text-align: justify;\"><span style=\"font-weight: 400;\">El programa tendr\u00e1 una duraci\u00f3n de 5 semanas.<\/span><\/p>\n<p style=\"text-align: justify;\"><b><i>Requisitos para acceder:\u00a0<\/i><\/b><\/p>\n<ul style=\"text-align: justify;\">\n<li style=\"font-weight: 400;\"><span style=\"font-weight: 400;\">Los participantes deben ser estudiantes universitarios motivados que est\u00e9n al menos un a\u00f1o antes del cierre de pensum, que hayan demostrado liderazgo a trav\u00e9s de su desarrollo acad\u00e9mico durante su participaci\u00f3n en trabajo comunitario y actividades extracurriculares.\u00a0<\/span><\/li>\n<li style=\"font-weight: 400;\"><span style=\"font-weight: 400;\">Promedio m\u00ednimo de 80 puntos en su carrera universitaria.<\/span><\/li>\n<li style=\"font-weight: 400;\"><span style=\"font-weight: 400;\">Tener entre 18 y 25 a\u00f1os de edad.<\/span><\/li>\n<li style=\"font-weight: 400;\"><span style=\"font-weight: 400;\">Comprometerse a retornar a su pa\u00eds para continuar con sus estudios universitarios.<\/span><\/li>\n<li style=\"font-weight: 400;\"><span style=\"font-weight: 400;\">Demostrar un serio inter\u00e9s de aprender acerca de Estados Unidos.<\/span><\/li>\n<li style=\"font-weight: 400;\"><span style=\"font-weight: 400;\">Demostrar su compromiso con la comunidad universitaria y actividades extracurriculares.<\/span><\/li>\n<li style=\"font-weight: 400;\"><span style=\"font-weight: 400;\">De preferencia, no haber viajado a Estados Unidos u otras naciones fuera de su pa\u00eds de origen.<\/span><\/li>\n<li style=\"font-weight: 400;\"><span style=\"font-weight: 400;\">Ser una persona madura, responsable, independiente, segura, tolerante y reflexiva.<\/span><\/li>\n<li style=\"font-weight: 400;\"><span style=\"font-weight: 400;\">Estar dispuesto a participar plenamente en un programa acad\u00e9mico intensivo de servicio comunitario y viajes educativos.<\/span><\/li>\n<li style=\"font-weight: 400;\"><span style=\"font-weight: 400;\">Estar dispuesto a adaptarse a convivir dentro de un campus universitario con personas de distintas culturas y pa\u00edses de origen.<\/span><\/li>\n<li style=\"font-weight: 400;\"><span style=\"font-weight: 400;\">La fluidez del idioma NO es un requisito para participar en este programa, ya que se\u00a0 llevar\u00e1 a cabo en espa\u00f1ol.<\/span><\/li>\n<\/ul>\n<p style=\"text-align: justify;\"><b><i>M\u00e1s informaci\u00f3n:\u00a0<\/i><\/b><\/p>\n<p style=\"text-align: justify;\"><i><span style=\"font-weight: 400;\">Instituto Guatemalteco Americano, interior de la Biblioteca Walt Whitman, ruta 1, 4-05, zona 4.<\/span><\/i><\/p>\n<p style=\"text-align: justify;\"><span style=\"font-weight: 400;\">\u00a0<\/span><a href=\"mailto:educationusa@iga.edu\"><span style=\"font-weight: 400;\">educationusa@iga.edu<\/span><\/a><span style=\"font-weight: 400;\"> \u00a0 \u00a0 \u00a0 T<\/span><i><span style=\"font-weight: 400;\">el: <\/span><\/i><span style=\"font-weight: 400;\">2422-5590<\/span><\/p>\n<p style=\"text-align: justify;\"><br \/><br \/><\/p>\n","protected":false},"excerpt":{"rendered":"","protected":false},"author":1,"featured_media":9071,"comment_status":"closed","ping_status":"open","sticky":false,"template":"","format":"standard","meta":{"_exactmetrics_skip_tracking":false,"_exactmetrics_sitenote_active":false,"_exactmetrics_sitenote_note":"","_exactmetrics_sitenote_category":0,"_jetpack_memberships_contains_paid_content":false,"footnotes":""},"categories":[127,233],"tags":[112],"class_list":["post-9053","post","type-post","status-publish","format-standard","has-post-thumbnail","hentry","category-becas-y-convocatorias","category-becas-y-convocatorias-2","tag-becas-y-convocatorias"],"aioseo_notices":[],"jetpack_featured_media_url":"https:\/\/soy.usac.edu.gt\/wp-content\/uploads\/2019\/10\/estatua-libertad1.jpg","views":"","jetpack-related-posts":[{"id":8826,"url":"https:\/\/soy.usac.edu.gt\/?p=8826","url_meta":{"origin":9053,"position":0},"title":"Festival de Becas, una oportunidad para crecer","author":"Divisi\u00f3n de Publicidad","date":"12 octubre, 2019","format":false,"excerpt":"El Festival de Becas ser\u00e1 una actividad importante para toda la poblaci\u00f3n estudiantil guatemalteca, por todas las oportunidades de estudio que brindar\u00e1n las embajadas acreditadas en el pa\u00eds y distintas instituciones.","rel":"","context":"En \u00abBecas y Convocatorias\u00bb","block_context":{"text":"Becas y Convocatorias","link":"https:\/\/soy.usac.edu.gt\/?cat=127"},"img":{"alt_text":"","src":"https:\/\/i0.wp.com\/soy.usac.edu.gt\/wp-content\/uploads\/2019\/10\/feria-de-becas-dos.jpeg?resize=350%2C200&ssl=1","width":350,"height":200,"srcset":"https:\/\/i0.wp.com\/soy.usac.edu.gt\/wp-content\/uploads\/2019\/10\/feria-de-becas-dos.jpeg?resize=350%2C200&ssl=1 1x, https:\/\/i0.wp.com\/soy.usac.edu.gt\/wp-content\/uploads\/2019\/10\/feria-de-becas-dos.jpeg?resize=525%2C300&ssl=1 1.5x, https:\/\/i0.wp.com\/soy.usac.edu.gt\/wp-content\/uploads\/2019\/10\/feria-de-becas-dos.jpeg?resize=700%2C400&ssl=1 2x, https:\/\/i0.wp.com\/soy.usac.edu.gt\/wp-content\/uploads\/2019\/10\/feria-de-becas-dos.jpeg?resize=1050%2C600&ssl=1 3x"},"classes":[]},{"id":11929,"url":"https:\/\/soy.usac.edu.gt\/?p=11929","url_meta":{"origin":9053,"position":1},"title":"CSU aprob\u00f3 modificaciones al Reglamento de Becas de la universidad","author":"Divisi\u00f3n de Publicidad","date":"29 junio, 2020","format":false,"excerpt":"El Fondo del Programa de Becas de Pregrado es un recurso financiero que la Universidad de San Carlos de Guatemala destina anualmente, para el programa de becas de pregrado, que se adjudican a estudiantes guatemaltecos de escasos recursos.","rel":"","context":"En \u00abBecas y Convocatorias\u00bb","block_context":{"text":"Becas y Convocatorias","link":"https:\/\/soy.usac.edu.gt\/?cat=127"},"img":{"alt_text":"","src":"https:\/\/i0.wp.com\/soy.usac.edu.gt\/wp-content\/uploads\/2020\/06\/weblegal.jpg?resize=350%2C200&ssl=1","width":350,"height":200,"srcset":"https:\/\/i0.wp.com\/soy.usac.edu.gt\/wp-content\/uploads\/2020\/06\/weblegal.jpg?resize=350%2C200&ssl=1 1x, https:\/\/i0.wp.com\/soy.usac.edu.gt\/wp-content\/uploads\/2020\/06\/weblegal.jpg?resize=525%2C300&ssl=1 1.5x, https:\/\/i0.wp.com\/soy.usac.edu.gt\/wp-content\/uploads\/2020\/06\/weblegal.jpg?resize=700%2C400&ssl=1 2x, https:\/\/i0.wp.com\/soy.usac.edu.gt\/wp-content\/uploads\/2020\/06\/weblegal.jpg?resize=1050%2C600&ssl=1 3x, https:\/\/i0.wp.com\/soy.usac.edu.gt\/wp-content\/uploads\/2020\/06\/weblegal.jpg?resize=1400%2C800&ssl=1 4x"},"classes":[]},{"id":13927,"url":"https:\/\/soy.usac.edu.gt\/?p=13927","url_meta":{"origin":9053,"position":2},"title":"Aplica a ofertas de becas internacionales para doctorado","author":"Divisi\u00f3n de Publicidad","date":"21 abril, 2021","format":false,"excerpt":"Conoce ofertas de becas en dos universidades extranjeras.","rel":"","context":"En \u00abBecas y convocatorias\u00bb","block_context":{"text":"Becas y convocatorias","link":"https:\/\/soy.usac.edu.gt\/?cat=233"},"img":{"alt_text":"","src":"https:\/\/i0.wp.com\/soy.usac.edu.gt\/wp-content\/uploads\/2021\/04\/zarra.jpg?resize=350%2C200&ssl=1","width":350,"height":200,"srcset":"https:\/\/i0.wp.com\/soy.usac.edu.gt\/wp-content\/uploads\/2021\/04\/zarra.jpg?resize=350%2C200&ssl=1 1x, https:\/\/i0.wp.com\/soy.usac.edu.gt\/wp-content\/uploads\/2021\/04\/zarra.jpg?resize=525%2C300&ssl=1 1.5x, https:\/\/i0.wp.com\/soy.usac.edu.gt\/wp-content\/uploads\/2021\/04\/zarra.jpg?resize=700%2C400&ssl=1 2x, https:\/\/i0.wp.com\/soy.usac.edu.gt\/wp-content\/uploads\/2021\/04\/zarra.jpg?resize=1050%2C600&ssl=1 3x"},"classes":[]},{"id":2963,"url":"https:\/\/soy.usac.edu.gt\/?p=2963","url_meta":{"origin":9053,"position":3},"title":"Oportunidad de beca completa para estudiar en Suecia","author":"Divisi\u00f3n de Publicidad","date":"4 noviembre, 2018","format":false,"excerpt":"\u00bfTienes ambici\u00f3n, experiencia de liderazgo y una s\u00f3lida formaci\u00f3n profesional? El Instituto Sueco de Becas de Estudios (SISS) esta brindando la oportunidad para que profesionales sancarlistas puedan\u00a0aplicar para obtener una maestr\u00eda en Suecia totalmente financiada. La informaci\u00f3n sobre la convocatoria estar\u00e1 disponible el 1 de diciembre de 2018 para los\u2026","rel":"","context":"En \u00abBecas y Convocatorias\u00bb","block_context":{"text":"Becas y Convocatorias","link":"https:\/\/soy.usac.edu.gt\/?cat=127"},"img":{"alt_text":"","src":"https:\/\/i0.wp.com\/soy.usac.edu.gt\/wp-content\/uploads\/2018\/11\/sweden.jpg?resize=350%2C200&ssl=1","width":350,"height":200,"srcset":"https:\/\/i0.wp.com\/soy.usac.edu.gt\/wp-content\/uploads\/2018\/11\/sweden.jpg?resize=350%2C200&ssl=1 1x, https:\/\/i0.wp.com\/soy.usac.edu.gt\/wp-content\/uploads\/2018\/11\/sweden.jpg?resize=525%2C300&ssl=1 1.5x, https:\/\/i0.wp.com\/soy.usac.edu.gt\/wp-content\/uploads\/2018\/11\/sweden.jpg?resize=700%2C400&ssl=1 2x"},"classes":[]},{"id":7211,"url":"https:\/\/soy.usac.edu.gt\/?p=7211","url_meta":{"origin":9053,"position":4},"title":"Oportunidades de becas en Guatemala y el extranjero","author":"Divisi\u00f3n de Publicidad","date":"28 junio, 2019","format":false,"excerpt":"La USAC te informa sobre las becas para licenciaturas, diplomados y posgrados a los que puedes optar.","rel":"","context":"En \u00abBecas y Convocatorias\u00bb","block_context":{"text":"Becas y Convocatorias","link":"https:\/\/soy.usac.edu.gt\/?cat=127"},"img":{"alt_text":"","src":"https:\/\/i0.wp.com\/soy.usac.edu.gt\/wp-content\/uploads\/2019\/06\/CALUSAC-12.jpg?resize=350%2C200&ssl=1","width":350,"height":200,"srcset":"https:\/\/i0.wp.com\/soy.usac.edu.gt\/wp-content\/uploads\/2019\/06\/CALUSAC-12.jpg?resize=350%2C200&ssl=1 1x, https:\/\/i0.wp.com\/soy.usac.edu.gt\/wp-content\/uploads\/2019\/06\/CALUSAC-12.jpg?resize=525%2C300&ssl=1 1.5x, https:\/\/i0.wp.com\/soy.usac.edu.gt\/wp-content\/uploads\/2019\/06\/CALUSAC-12.jpg?resize=700%2C400&ssl=1 2x, https:\/\/i0.wp.com\/soy.usac.edu.gt\/wp-content\/uploads\/2019\/06\/CALUSAC-12.jpg?resize=1050%2C600&ssl=1 3x, https:\/\/i0.wp.com\/soy.usac.edu.gt\/wp-content\/uploads\/2019\/06\/CALUSAC-12.jpg?resize=1400%2C800&ssl=1 4x"},"classes":[]},{"id":7055,"url":"https:\/\/soy.usac.edu.gt\/?p=7055","url_meta":{"origin":9053,"position":5},"title":"M\u00e1s de 700 oportunidades de becas para estudiar en  Brasil","author":"Divisi\u00f3n de Publicidad","date":"26 junio, 2019","format":false,"excerpt":"\u00bfTe gustar\u00eda optar a una licenciatura en Brasil? Aqu\u00ed te informamos sobre los requisitos.","rel":"","context":"En \u00abBecas y Convocatorias\u00bb","block_context":{"text":"Becas y Convocatorias","link":"https:\/\/soy.usac.edu.gt\/?cat=127"},"img":{"alt_text":"","src":"https:\/\/i0.wp.com\/soy.usac.edu.gt\/wp-content\/uploads\/2019\/06\/BRASIL.jpg?resize=350%2C200&ssl=1","width":350,"height":200,"srcset":"https:\/\/i0.wp.com\/soy.usac.edu.gt\/wp-content\/uploads\/2019\/06\/BRASIL.jpg?resize=350%2C200&ssl=1 1x, https:\/\/i0.wp.com\/soy.usac.edu.gt\/wp-content\/uploads\/2019\/06\/BRASIL.jpg?resize=525%2C300&ssl=1 1.5x, https:\/\/i0.wp.com\/soy.usac.edu.gt\/wp-content\/uploads\/2019\/06\/BRASIL.jpg?resize=700%2C400&ssl=1 2x, https:\/\/i0.wp.com\/soy.usac.edu.gt\/wp-content\/uploads\/2019\/06\/BRASIL.jpg?resize=1050%2C600&ssl=1 3x"},"classes":[]}],"jetpack_sharing_enabled":true,"_links":{"self":[{"href":"https:\/\/soy.usac.edu.gt\/index.php?rest_route=\/wp\/v2\/posts\/9053","targetHints":{"allow":["GET"]}}],"collection":[{"href":"https:\/\/soy.usac.edu.gt\/index.php?rest_route=\/wp\/v2\/posts"}],"about":[{"href":"https:\/\/soy.usac.edu.gt\/index.php?rest_route=\/wp\/v2\/types\/post"}],"author":[{"embeddable":true,"href":"https:\/\/soy.usac.edu.gt\/index.php?rest_route=\/wp\/v2\/users\/1"}],"replies":[{"embeddable":true,"href":"https:\/\/soy.usac.edu.gt\/index.php?rest_route=%2Fwp%2Fv2%2Fcomments&post=9053"}],"version-history":[{"count":0,"href":"https:\/\/soy.usac.edu.gt\/index.php?rest_route=\/wp\/v2\/posts\/9053\/revisions"}],"wp:featuredmedia":[{"embeddable":true,"href":"https:\/\/soy.usac.edu.gt\/index.php?rest_route=\/wp\/v2\/media\/9071"}],"wp:attachment":[{"href":"https:\/\/soy.usac.edu.gt\/index.php?rest_route=%2Fwp%2Fv2%2Fmedia&parent=9053"}],"wp:term":[{"taxonomy":"category","embeddable":true,"href":"https:\/\/soy.usac.edu.gt\/index.php?rest_route=%2Fwp%2Fv2%2Fcategories&post=9053"},{"taxonomy":"post_tag","embeddable":true,"href":"https:\/\/soy.usac.edu.gt\/index.php?rest_route=%2Fwp%2Fv2%2Ftags&post=9053"}],"curies":[{"name":"wp","href":"https:\/\/api.w.org\/{rel}","templated":true}]}}