{"id":9147,"date":"2019-10-23T13:35:19","date_gmt":"2019-10-23T19:35:19","guid":{"rendered":"https:\/\/soy.usac.edu.gt\/?p=9147"},"modified":"2019-10-23T13:45:21","modified_gmt":"2019-10-23T19:45:21","slug":"sancarlistas-fueron-diputados-del-parlacen-por-un-dia","status":"publish","type":"post","link":"https:\/\/soy.usac.edu.gt\/?p=9147","title":{"rendered":"Sancarlistas fueron diputados del PARLACEN por un d\u00eda"},"content":{"rendered":"\n<p class=\"p2\" style=\"text-align: justify;\"><span class=\"s1\">Por Fernando Calvillo, Comunicaci\u00f3n Social del PARLACEN<\/span><\/p>\n<p class=\"p1\" style=\"text-align: justify;\"><strong><span class=\"s1\">Con la distinci\u00f3n \u201cJ\u00f3venes Diputados Centroamericanos por un D\u00eda\u201d, estudiantes sancarlistas pudieron participar en un simulacro de selecci\u00f3n de la Junta Directiva del Parlamento Centroamericano (PARLACEN), as\u00ed como conocer la importancia de la integraci\u00f3n regional. <\/span><\/strong><\/p>\n<p class=\"p4\" style=\"text-align: justify;\"><span class=\"s1\">Estudiantes de<span class=\"Apple-converted-space\">&nbsp; <\/span>Ciencia Pol\u00edtica y Relaciones Internacionales de la USAC, bajo la direcci\u00f3n de la catedr\u00e1tica Ruth J\u00e1come, fueron declarados \u201cdiputadas y diputados centroamericanos por un d\u00eda\u201d el 23 de octubre.<\/span><\/p>\n<p class=\"p4\" style=\"text-align: justify;\"><span class=\"s1\">La diputada Irma Amaya, presidenta del Parlamento Centroamericano (PARLACEN), les entreg\u00f3 a los estudiantes el pin distintivo, acci\u00f3n que fue acompa\u00f1ada por la Junta Directiva y la Comisi\u00f3n Electoral 2019-2020, presidida por la diputada Martha P\u00e9rez Campusano, quien tiene a su cargo la realizaci\u00f3n de las elecciones de la nueva Junta Directiva del PARLACEN, programadas<span class=\"Apple-converted-space\">&nbsp; <\/span>para este 25 de octubre.<\/span><\/p>\n<p class=\"p4\" style=\"text-align: justify;\"><span class=\"s1\">Quienes fueron \u201cdiputados por un d\u00eda\u201d participaron en el simulacro que realiz\u00f3 la Comisi\u00f3n Electoral antes de la selecci\u00f3n, para lo cual los universitarios fueron organizados como bancadas nacionales.<\/span><\/p>\n<p><img loading=\"lazy\" decoding=\"async\" class=\"aligncenter size-full wp-image-9144\" src=\"https:\/\/soy.usac.edu.gt\/wp-content\/uploads\/2019\/10\/WhatsApp-Image-2019-10-23-at-12.55.29.jpeg\" alt=\"\" width=\"1280\" height=\"853\" srcset=\"https:\/\/soy.usac.edu.gt\/wp-content\/uploads\/2019\/10\/WhatsApp-Image-2019-10-23-at-12.55.29.jpeg 1280w, https:\/\/soy.usac.edu.gt\/wp-content\/uploads\/2019\/10\/WhatsApp-Image-2019-10-23-at-12.55.29-300x200.jpeg 300w, https:\/\/soy.usac.edu.gt\/wp-content\/uploads\/2019\/10\/WhatsApp-Image-2019-10-23-at-12.55.29-768x512.jpeg 768w, https:\/\/soy.usac.edu.gt\/wp-content\/uploads\/2019\/10\/WhatsApp-Image-2019-10-23-at-12.55.29-1024x682.jpeg 1024w, https:\/\/soy.usac.edu.gt\/wp-content\/uploads\/2019\/10\/WhatsApp-Image-2019-10-23-at-12.55.29-630x420.jpeg 630w, https:\/\/soy.usac.edu.gt\/wp-content\/uploads\/2019\/10\/WhatsApp-Image-2019-10-23-at-12.55.29-640x427.jpeg 640w, https:\/\/soy.usac.edu.gt\/wp-content\/uploads\/2019\/10\/WhatsApp-Image-2019-10-23-at-12.55.29-681x454.jpeg 681w\" sizes=\"auto, (max-width: 1280px) 100vw, 1280px\" \/><\/p>\n<p class=\"p4\" style=\"text-align: justify;\"><span class=\"s1\">Con esta experiencia, los estudiantes pudieron conocer detalladamente el proceso electoral, desde la identificaci\u00f3n del votante, entrega de papeletas, ejercicio del voto, escrutinio hasta la adjudicaci\u00f3n de los cargos.&nbsp;<\/span><\/p>\n<p class=\"p4\" style=\"text-align: justify;\"><span class=\"s1\">Seg\u00fan indica la diputada Martha P\u00e9rez Campusano, al culminar el proceso del ensayo electoral, se fomenta un esp\u00edritu de integraci\u00f3n centroamericana en las nuevas generaciones, que son el futuro de la regi\u00f3n. <\/span><\/p>\n<p class=\"p4\" style=\"text-align: justify;\"><span class=\"s1\">La<span class=\"Apple-converted-space\">&nbsp; <\/span>distinci\u00f3n \u201cJ\u00f3venes Diputados Centroamericanos por un D\u00eda\u201d fue creada por el PARLACEN con el fin de posicionar, anualmente, a centenares de estudiantes de toda la<span class=\"Apple-converted-space\">&nbsp; <\/span>regi\u00f3n, para que conozcan la importancia de Centroam\u00e9rica y el Caribe, ello les permite obtener nuevas oportunidades en sus profesiones universitarias y un mejor futuro. <\/span><\/p>\n","protected":false},"excerpt":{"rendered":"<p>Con la distinci\u00f3n \u201cJ\u00f3venes Diputados Centroamericanos por un D\u00eda\u201d, estudiantes sancarlistas pudieron participar en un simulacro de selecci\u00f3n de la Junta Directiva del Parlamento Centroamericano (PARLACEN), as\u00ed como conocer la importancia de la integraci\u00f3n regional.<\/p>\n","protected":false},"author":1,"featured_media":9143,"comment_status":"closed","ping_status":"open","sticky":false,"template":"","format":"standard","meta":{"_exactmetrics_skip_tracking":false,"_exactmetrics_sitenote_active":false,"_exactmetrics_sitenote_note":"","_exactmetrics_sitenote_category":0,"_jetpack_memberships_contains_paid_content":false,"footnotes":""},"categories":[29],"tags":[468,565],"class_list":["post-9147","post","type-post","status-publish","format-standard","has-post-thumbnail","hentry","category-noticias","tag-escuela-ciencia-politica","tag-parlacen"],"aioseo_notices":[],"jetpack_featured_media_url":"https:\/\/soy.usac.edu.gt\/wp-content\/uploads\/2019\/10\/WhatsApp-Image-2019-10-23-at-13.08.16.jpeg","views":"","jetpack-related-posts":[{"id":14723,"url":"https:\/\/soy.usac.edu.gt\/?p=14723","url_meta":{"origin":9147,"position":0},"title":"Forbes destaca liderazgo centroamericano de tres mujeres sancarlistas","author":"Divisi\u00f3n de Publicidad","date":"20 julio, 2021","format":false,"excerpt":"El listado de 100 mujeres poderosas centroamericanas incluy\u00f3 a tres destacadas cient\u00edficas sancarlistas.","rel":"","context":"En \u00abNoticias\u00bb","block_context":{"text":"Noticias","link":"https:\/\/soy.usac.edu.gt\/?cat=29"},"img":{"alt_text":"","src":"https:\/\/i0.wp.com\/soy.usac.edu.gt\/wp-content\/uploads\/2021\/07\/sancarlistas-forbes.jpeg?resize=350%2C200&ssl=1","width":350,"height":200,"srcset":"https:\/\/i0.wp.com\/soy.usac.edu.gt\/wp-content\/uploads\/2021\/07\/sancarlistas-forbes.jpeg?resize=350%2C200&ssl=1 1x, https:\/\/i0.wp.com\/soy.usac.edu.gt\/wp-content\/uploads\/2021\/07\/sancarlistas-forbes.jpeg?resize=525%2C300&ssl=1 1.5x, https:\/\/i0.wp.com\/soy.usac.edu.gt\/wp-content\/uploads\/2021\/07\/sancarlistas-forbes.jpeg?resize=700%2C400&ssl=1 2x, https:\/\/i0.wp.com\/soy.usac.edu.gt\/wp-content\/uploads\/2021\/07\/sancarlistas-forbes.jpeg?resize=1050%2C600&ssl=1 3x"},"classes":[]},{"id":3537,"url":"https:\/\/soy.usac.edu.gt\/?p=3537","url_meta":{"origin":9147,"position":1},"title":"TSE instala mesas de empadronamiento en el campus central","author":"Divisi\u00f3n de Publicidad","date":"24 enero, 2019","format":false,"excerpt":"En el campus central los estudiantes podr\u00e1n empadronarse o actualizar sus datos para emitir el sufragio en las Elecciones Generales 2019. Con el fin de que los sancarlistas puedan ejercer su derecho al sufragio en los pr\u00f3ximos comicios, el Ing. Murphy Paiz, rector de la universidad, dijo que, en un\u2026","rel":"","context":"En \u00abNoticias\u00bb","block_context":{"text":"Noticias","link":"https:\/\/soy.usac.edu.gt\/?cat=29"},"img":{"alt_text":"","src":"https:\/\/i0.wp.com\/soy.usac.edu.gt\/wp-content\/uploads\/2019\/01\/nueva-destacada.jpg?resize=350%2C200&ssl=1","width":350,"height":200,"srcset":"https:\/\/i0.wp.com\/soy.usac.edu.gt\/wp-content\/uploads\/2019\/01\/nueva-destacada.jpg?resize=350%2C200&ssl=1 1x, https:\/\/i0.wp.com\/soy.usac.edu.gt\/wp-content\/uploads\/2019\/01\/nueva-destacada.jpg?resize=525%2C300&ssl=1 1.5x, https:\/\/i0.wp.com\/soy.usac.edu.gt\/wp-content\/uploads\/2019\/01\/nueva-destacada.jpg?resize=700%2C400&ssl=1 2x, https:\/\/i0.wp.com\/soy.usac.edu.gt\/wp-content\/uploads\/2019\/01\/nueva-destacada.jpg?resize=1050%2C600&ssl=1 3x, https:\/\/i0.wp.com\/soy.usac.edu.gt\/wp-content\/uploads\/2019\/01\/nueva-destacada.jpg?resize=1400%2C800&ssl=1 4x"},"classes":[]},{"id":5030,"url":"https:\/\/soy.usac.edu.gt\/?p=5030","url_meta":{"origin":9147,"position":2},"title":"Artistas sancarlistas realizan audiciones para FICCUA","author":"Divisi\u00f3n de Publicidad","date":"18 marzo, 2019","format":false,"excerpt":"El Festival Interuniversitario Centroamericano de la Cultura y el Arte (FICCUA) re\u00fane a artistas de universidades p\u00fablicas de la regi\u00f3n. \u00a0","rel":"","context":"En \u00abCultura\u00bb","block_context":{"text":"Cultura","link":"https:\/\/soy.usac.edu.gt\/?cat=97"},"img":{"alt_text":"","src":"https:\/\/i0.wp.com\/soy.usac.edu.gt\/wp-content\/uploads\/2019\/03\/PORTADA-1.jpg?resize=350%2C200&ssl=1","width":350,"height":200,"srcset":"https:\/\/i0.wp.com\/soy.usac.edu.gt\/wp-content\/uploads\/2019\/03\/PORTADA-1.jpg?resize=350%2C200&ssl=1 1x, https:\/\/i0.wp.com\/soy.usac.edu.gt\/wp-content\/uploads\/2019\/03\/PORTADA-1.jpg?resize=525%2C300&ssl=1 1.5x, https:\/\/i0.wp.com\/soy.usac.edu.gt\/wp-content\/uploads\/2019\/03\/PORTADA-1.jpg?resize=700%2C400&ssl=1 2x, https:\/\/i0.wp.com\/soy.usac.edu.gt\/wp-content\/uploads\/2019\/03\/PORTADA-1.jpg?resize=1050%2C600&ssl=1 3x, https:\/\/i0.wp.com\/soy.usac.edu.gt\/wp-content\/uploads\/2019\/03\/PORTADA-1.jpg?resize=1400%2C800&ssl=1 4x"},"classes":[]},{"id":10287,"url":"https:\/\/soy.usac.edu.gt\/?p=10287","url_meta":{"origin":9147,"position":3},"title":"CSU condena ataque contra sancarlistas y exige justicia","author":"Divisi\u00f3n de Publicidad","date":"17 enero, 2020","format":false,"excerpt":"Manifiestan: Su rotundo rechazo a las acciones de violencia y represi\u00f3n cometidas por agentes uniformados de la Polic\u00eda Nacional Civil, la noche del martes 14 y la madrugada del 15 de enero del a\u00f1o en curso.","rel":"","context":"En \u00abNoticias\u00bb","block_context":{"text":"Noticias","link":"https:\/\/soy.usac.edu.gt\/?cat=29"},"img":{"alt_text":"","src":"","width":0,"height":0},"classes":[]},{"id":4319,"url":"https:\/\/soy.usac.edu.gt\/?p=4319","url_meta":{"origin":9147,"position":4},"title":"Abren convocatoria para representar a la USAC en el FICCUA 2019","author":"Divisi\u00f3n de Publicidad","date":"28 febrero, 2019","format":false,"excerpt":"El FICCUA es un evento bienal e itinerante de artistas estudiantiles universitarios, promovido por el Consejo Superior Universitario Centroamericano. La USAC est\u00e1 buscando a los artistas sancarlistas que representar\u00e1n a esta casa de estudios en el pr\u00f3ximo Festival Interuniversitario Centroamericano de la Cultura y el Arte (FICCUA) que se llevar\u00e1\u2026","rel":"","context":"En \u00abBecas y Convocatorias\u00bb","block_context":{"text":"Becas y Convocatorias","link":"https:\/\/soy.usac.edu.gt\/?cat=127"},"img":{"alt_text":"","src":"https:\/\/i0.wp.com\/soy.usac.edu.gt\/wp-content\/uploads\/2019\/02\/destacada.jpg?resize=350%2C200&ssl=1","width":350,"height":200,"srcset":"https:\/\/i0.wp.com\/soy.usac.edu.gt\/wp-content\/uploads\/2019\/02\/destacada.jpg?resize=350%2C200&ssl=1 1x, https:\/\/i0.wp.com\/soy.usac.edu.gt\/wp-content\/uploads\/2019\/02\/destacada.jpg?resize=525%2C300&ssl=1 1.5x, https:\/\/i0.wp.com\/soy.usac.edu.gt\/wp-content\/uploads\/2019\/02\/destacada.jpg?resize=700%2C400&ssl=1 2x, https:\/\/i0.wp.com\/soy.usac.edu.gt\/wp-content\/uploads\/2019\/02\/destacada.jpg?resize=1050%2C600&ssl=1 3x, https:\/\/i0.wp.com\/soy.usac.edu.gt\/wp-content\/uploads\/2019\/02\/destacada.jpg?resize=1400%2C800&ssl=1 4x"},"classes":[]},{"id":20610,"url":"https:\/\/soy.usac.edu.gt\/?p=20610","url_meta":{"origin":9147,"position":5},"title":"Reconocen a la delegaci\u00f3n que particip\u00f3 en FICCUA","author":"Divisi\u00f3n de Publicidad","date":"18 junio, 2024","format":false,"excerpt":"Un total de 40 sancarlistas que representaron a la USAC en el Festival Interuniversitario Centroamericano de la Cultura y el Arte (FICCUA) recibieron un reconocimiento de manos de las autoridades universitarias por su destacada participaci\u00f3n En el evento realizado en Panam\u00e1 del 3 al 7 de junio, la delegaci\u00f3n guatemalteca\u2026","rel":"","context":"En \u00abCultura\u00bb","block_context":{"text":"Cultura","link":"https:\/\/soy.usac.edu.gt\/?cat=97"},"img":{"alt_text":"","src":"https:\/\/i0.wp.com\/soy.usac.edu.gt\/wp-content\/uploads\/2024\/06\/WhatsApp-Image-2024-06-18-at-12.17.41-PM-1.jpeg?resize=350%2C200&ssl=1","width":350,"height":200,"srcset":"https:\/\/i0.wp.com\/soy.usac.edu.gt\/wp-content\/uploads\/2024\/06\/WhatsApp-Image-2024-06-18-at-12.17.41-PM-1.jpeg?resize=350%2C200&ssl=1 1x, https:\/\/i0.wp.com\/soy.usac.edu.gt\/wp-content\/uploads\/2024\/06\/WhatsApp-Image-2024-06-18-at-12.17.41-PM-1.jpeg?resize=525%2C300&ssl=1 1.5x, https:\/\/i0.wp.com\/soy.usac.edu.gt\/wp-content\/uploads\/2024\/06\/WhatsApp-Image-2024-06-18-at-12.17.41-PM-1.jpeg?resize=700%2C400&ssl=1 2x, https:\/\/i0.wp.com\/soy.usac.edu.gt\/wp-content\/uploads\/2024\/06\/WhatsApp-Image-2024-06-18-at-12.17.41-PM-1.jpeg?resize=1050%2C600&ssl=1 3x, https:\/\/i0.wp.com\/soy.usac.edu.gt\/wp-content\/uploads\/2024\/06\/WhatsApp-Image-2024-06-18-at-12.17.41-PM-1.jpeg?resize=1400%2C800&ssl=1 4x"},"classes":[]}],"jetpack_sharing_enabled":true,"_links":{"self":[{"href":"https:\/\/soy.usac.edu.gt\/index.php?rest_route=\/wp\/v2\/posts\/9147","targetHints":{"allow":["GET"]}}],"collection":[{"href":"https:\/\/soy.usac.edu.gt\/index.php?rest_route=\/wp\/v2\/posts"}],"about":[{"href":"https:\/\/soy.usac.edu.gt\/index.php?rest_route=\/wp\/v2\/types\/post"}],"author":[{"embeddable":true,"href":"https:\/\/soy.usac.edu.gt\/index.php?rest_route=\/wp\/v2\/users\/1"}],"replies":[{"embeddable":true,"href":"https:\/\/soy.usac.edu.gt\/index.php?rest_route=%2Fwp%2Fv2%2Fcomments&post=9147"}],"version-history":[{"count":0,"href":"https:\/\/soy.usac.edu.gt\/index.php?rest_route=\/wp\/v2\/posts\/9147\/revisions"}],"wp:featuredmedia":[{"embeddable":true,"href":"https:\/\/soy.usac.edu.gt\/index.php?rest_route=\/wp\/v2\/media\/9143"}],"wp:attachment":[{"href":"https:\/\/soy.usac.edu.gt\/index.php?rest_route=%2Fwp%2Fv2%2Fmedia&parent=9147"}],"wp:term":[{"taxonomy":"category","embeddable":true,"href":"https:\/\/soy.usac.edu.gt\/index.php?rest_route=%2Fwp%2Fv2%2Fcategories&post=9147"},{"taxonomy":"post_tag","embeddable":true,"href":"https:\/\/soy.usac.edu.gt\/index.php?rest_route=%2Fwp%2Fv2%2Ftags&post=9147"}],"curies":[{"name":"wp","href":"https:\/\/api.w.org\/{rel}","templated":true}]}}