{"id":9199,"date":"2019-10-24T20:19:48","date_gmt":"2019-10-25T02:19:48","guid":{"rendered":"https:\/\/soy.usac.edu.gt\/?p=9199"},"modified":"2019-10-24T20:19:48","modified_gmt":"2019-10-25T02:19:48","slug":"epsum-recibe-premio-internacional","status":"publish","type":"post","link":"https:\/\/soy.usac.edu.gt\/?p=9199","title":{"rendered":"EPSUM\u00a0\u00a0recibe premio internacional"},"content":{"rendered":"\n<h4 style=\"text-align: justify;\"><em><strong>Vivimos el lema \u201cId y ense\u00f1ad a todos\u201d<\/strong><\/em><\/h4>\n<p style=\"text-align: justify;\">En el marco del 36\u00ba Congreso Nacional y 10\u00ba Internacional de Servicio Social y Voluntariado Universitario 2019, celebrado en la sede de la Universidad Aut\u00f3noma de M\u00e9xico \u2014durante la entrega del Premio Internacional al Compromiso Social CISS 2019, realizada el 23 de octubre\u2014, la Universidad de San Carlos de Guatemala fue premiada en la Categor\u00eda Institucional por los aportes que realiza el programa de Ejercicio Profesional Supervisado Multidisciplinario (EPSUM), el cual tiene 29 a\u00f1os de servicio social a la poblaci\u00f3n m\u00e1s necesitada de Guatemala.<\/p>\n<p style=\"text-align: justify;\">El objetivo del EPSUM es coadyuvar a mejorar el desarrollo humano del pa\u00eds. El programa trabaja en los sectores m\u00e1s necesitados, ubicados en los municipios con mayor \u00edndice de pobreza.\u00a0\u00a0EPSUM ha permitido que los estudiantes generen proyectos en conjunto con las comunidades, autoridades locales y organismos gubernamentales. De 2014 a 2019,\u00a0\u00a0un aproximado de 2,634 estudiantes de diferentes disciplinas han realizado la pr\u00e1ctica supervisada en varios puntos del pa\u00eds.\u00a0<\/p>\n<p style=\"text-align: justify;\">La ingeniera Regina Valiente, coordinadora de EPSUM, coment\u00f3: \u201cEstoy muy feliz, ya que en 2014 asum\u00ed el reto de generar un programa que fuera insignia de la extensi\u00f3n universitaria, con el cual se pudiera aportar a la soluci\u00f3n de los problemas nacionales.<\/p>\n<p style=\"text-align: justify;\">Adem\u00e1s, estoy orgullosa de tener un equipo de trabajo comprometido que hace posible que estos resultados se logren. Nos han felicitado por la vinculaci\u00f3n con el Gobierno, alcald\u00edas, comunidades y diversas instituciones; este es un trabajo articulado y coordinado\u201d.<\/p>\n<figure id=\"attachment_9209\" aria-describedby=\"caption-attachment-9209\" style=\"width: 1152px\" class=\"wp-caption aligncenter\"><img loading=\"lazy\" decoding=\"async\" class=\"wp-image-9209 size-full\" src=\"https:\/\/soy.usac.edu.gt\/wp-content\/uploads\/2019\/10\/F.2.jpeg\" alt=\"\" width=\"1152\" height=\"864\" srcset=\"https:\/\/soy.usac.edu.gt\/wp-content\/uploads\/2019\/10\/F.2.jpeg 1152w, https:\/\/soy.usac.edu.gt\/wp-content\/uploads\/2019\/10\/F.2-300x225.jpeg 300w, https:\/\/soy.usac.edu.gt\/wp-content\/uploads\/2019\/10\/F.2-768x576.jpeg 768w, https:\/\/soy.usac.edu.gt\/wp-content\/uploads\/2019\/10\/F.2-1024x768.jpeg 1024w, https:\/\/soy.usac.edu.gt\/wp-content\/uploads\/2019\/10\/F.2-560x420.jpeg 560w, https:\/\/soy.usac.edu.gt\/wp-content\/uploads\/2019\/10\/F.2-80x60.jpeg 80w, https:\/\/soy.usac.edu.gt\/wp-content\/uploads\/2019\/10\/F.2-100x75.jpeg 100w, https:\/\/soy.usac.edu.gt\/wp-content\/uploads\/2019\/10\/F.2-180x135.jpeg 180w, https:\/\/soy.usac.edu.gt\/wp-content\/uploads\/2019\/10\/F.2-238x178.jpeg 238w, https:\/\/soy.usac.edu.gt\/wp-content\/uploads\/2019\/10\/F.2-640x480.jpeg 640w, https:\/\/soy.usac.edu.gt\/wp-content\/uploads\/2019\/10\/F.2-681x511.jpeg 681w\" sizes=\"auto, (max-width: 1152px) 100vw, 1152px\" \/><figcaption id=\"caption-attachment-9209\" class=\"wp-caption-text\">Selvin Reyes Alcalde de Chisec, Alfredo Arias Supervisor EPSUM, Regina Valiente, coordinadora de EPSUM, Ing. Murphy Paiz, Rector, Juan Fernando Guerrero profesor de Eps Odontolog\u00eda. Foto Cortes\u00eda del EPSUM.<\/figcaption><\/figure>\n<p>\u00a0<\/p>\n<blockquote class=\"td_quote_box td_box_center\">\n<h4 style=\"text-align: justify;\"><em><strong>Aportes econ\u00f3micos<\/strong><\/em><\/h4>\n<h6 style=\"text-align: justify;\">EPSUM devuelve Q 7.81 por cada Q 1 invertido desde el a\u00f1o 2015. Este programa, solo en proyectos multidisciplinarios, ha<br \/>aportado a la sociedad un total de Q 36,047,299.11.<\/h6>\n<\/blockquote>\n<p style=\"text-align: justify;\">El EPSUM ha privilegiado la atenci\u00f3n en Alta Verapaz, Chiquimula, Huehuetenango, Quich\u00e9, San Marcos, Solol\u00e1,\u00a0\u00a0Totonicap\u00e1n y Jalapa por sus indicadores de pobreza e inseguridad alimentaria. En estas \u00e1reas se concentra el 89.68 % de los equipos multidisciplinarios.<\/p>\n<p style=\"text-align: justify;\">El Rector, Ing. Murphy Paiz, mencion\u00f3: \u201cEs un gran premio al servicio social, por los 50 a\u00f1os del Ejercicio Profesional Supervisado; agradecemos a la Facultad de Odontolog\u00eda por ser la pionera. El Ejercicio Profesional Supervisado Multidisciplinario cumple 29 a\u00f1os de desarrollarse, esa presencia social, esa vinculaci\u00f3n de todas las unidades acad\u00e9micas, centros universitarios, docentes, asesores, supervisores y tutores han hecho de este proyecto un gran modelo para integrar a la sociedad.<\/p>\n<p style=\"text-align: justify;\">Nos sentimos complacidos con este reconocimiento, ya que nuestra universidad p\u00fablica es grande entre las grandes y hacer valer su lema: \u00a0\u2018Id y ense\u00f1ad a todos\u2019\u201d.<\/p>\n<div id='gallery-1' class='gallery galleryid-9199 gallery-columns-3 gallery-size-thumbnail'><figure class='gallery-item'>\n\t\t\t<div class='gallery-icon portrait'>\n\t\t\t\t<a href='https:\/\/soy.usac.edu.gt\/?attachment_id=9215'><img loading=\"lazy\" decoding=\"async\" width=\"150\" height=\"150\" src=\"https:\/\/soy.usac.edu.gt\/wp-content\/uploads\/2019\/10\/IMG_1139-150x150.jpg\" class=\"attachment-thumbnail size-thumbnail\" alt=\"\" aria-describedby=\"gallery-1-9215\" \/><\/a>\n\t\t\t<\/div>\n\t\t\t\t<figcaption class='wp-caption-text gallery-caption' id='gallery-1-9215'>\n\t\t\t\tLabor Social\n\t\t\t\t<\/figcaption><\/figure><figure class='gallery-item'>\n\t\t\t<div class='gallery-icon landscape'>\n\t\t\t\t<a href='https:\/\/soy.usac.edu.gt\/?attachment_id=9212'><img loading=\"lazy\" decoding=\"async\" width=\"150\" height=\"150\" src=\"https:\/\/soy.usac.edu.gt\/wp-content\/uploads\/2019\/10\/72482572_1181899165332198_2972869623763959808_o-150x150.jpg\" class=\"attachment-thumbnail size-thumbnail\" alt=\"\" aria-describedby=\"gallery-1-9212\" \/><\/a>\n\t\t\t<\/div>\n\t\t\t\t<figcaption class='wp-caption-text gallery-caption' id='gallery-1-9212'>\n\t\t\t\tInclusi\u00f3n\n\t\t\t\t<\/figcaption><\/figure><figure class='gallery-item'>\n\t\t\t<div class='gallery-icon portrait'>\n\t\t\t\t<a href='https:\/\/soy.usac.edu.gt\/?attachment_id=9214'><img loading=\"lazy\" decoding=\"async\" width=\"150\" height=\"150\" src=\"https:\/\/soy.usac.edu.gt\/wp-content\/uploads\/2019\/10\/IMG_0725-150x150.jpg\" class=\"attachment-thumbnail size-thumbnail\" alt=\"\" aria-describedby=\"gallery-1-9214\" \/><\/a>\n\t\t\t<\/div>\n\t\t\t\t<figcaption class='wp-caption-text gallery-caption' id='gallery-1-9214'>\n\t\t\t\tEducaci\u00f3n\n\t\t\t\t<\/figcaption><\/figure><figure class='gallery-item'>\n\t\t\t<div class='gallery-icon landscape'>\n\t\t\t\t<a href='https:\/\/soy.usac.edu.gt\/?attachment_id=9213'><img loading=\"lazy\" decoding=\"async\" width=\"150\" height=\"150\" src=\"https:\/\/soy.usac.edu.gt\/wp-content\/uploads\/2019\/10\/DSC_2348-150x150.jpg\" class=\"attachment-thumbnail size-thumbnail\" alt=\"\" aria-describedby=\"gallery-1-9213\" \/><\/a>\n\t\t\t<\/div>\n\t\t\t\t<figcaption class='wp-caption-text gallery-caption' id='gallery-1-9213'>\n\t\t\t\tDesarrollo\n\t\t\t\t<\/figcaption><\/figure><figure class='gallery-item'>\n\t\t\t<div class='gallery-icon landscape'>\n\t\t\t\t<a href='https:\/\/soy.usac.edu.gt\/?attachment_id=9211'><img loading=\"lazy\" decoding=\"async\" width=\"150\" height=\"150\" src=\"https:\/\/soy.usac.edu.gt\/wp-content\/uploads\/2019\/10\/7-3-150x150.jpg\" class=\"attachment-thumbnail size-thumbnail\" alt=\"\" aria-describedby=\"gallery-1-9211\" \/><\/a>\n\t\t\t<\/div>\n\t\t\t\t<figcaption class='wp-caption-text gallery-caption' id='gallery-1-9211'>\n\t\t\t\tInvestigaci\u00f3n\n\t\t\t\t<\/figcaption><\/figure>\n\t\t<\/div>\n\n<p style=\"text-align: justify;\">\u00a0<\/p>\n<blockquote class=\"td_quote_box td_box_center\">\n<h4 style=\"text-align: justify;\"><em><strong>Para ganar el premio, se evaluaron m\u00e1s de diez aspectos y obtuvo una nota perfecta:<\/strong><\/em><\/h4>\n<h6>Metodolog\u00edas definidas<\/h6>\n<h6>Indicadores claramente definidos y medidos\u00a0<\/h6>\n<h6>Presencia en las \u00e1reas\u00a0\u00a0vulnerables\u00a0<\/h6>\n<h6>Tem\u00e1ticas priorizadas\u00a0<\/h6>\n<h6>Seguimiento de acciones\u00a0<\/h6>\n<h6>Resultados obtenidos\u00a0<\/h6>\n<h6>Coordinaci\u00f3n con los distintos actores\u00a0<\/h6>\n<h6>Anclaje a pol\u00edticas p\u00fablicas y ODS\u00a0<\/h6>\n<h6>Validaci\u00f3n desde la comunidad\u00a0<\/h6>\n<h6>Sostenibilidad<\/h6>\n<h6>Coordinaci\u00f3n con autoridades ind\u00edgenas y ancestrales<\/h6>\n<\/blockquote>\n<p><img loading=\"lazy\" decoding=\"async\" class=\"aligncenter size-full wp-image-7783\" src=\"https:\/\/soy.usac.edu.gt\/wp-content\/uploads\/2019\/07\/Cr\u00e9ditos-prensa-07-1.png\" alt=\"\" width=\"5079\" height=\"1960\" srcset=\"https:\/\/soy.usac.edu.gt\/wp-content\/uploads\/2019\/07\/Cr\u00e9ditos-prensa-07-1.png 5079w, https:\/\/soy.usac.edu.gt\/wp-content\/uploads\/2019\/07\/Cr\u00e9ditos-prensa-07-1-300x116.png 300w, https:\/\/soy.usac.edu.gt\/wp-content\/uploads\/2019\/07\/Cr\u00e9ditos-prensa-07-1-768x296.png 768w, https:\/\/soy.usac.edu.gt\/wp-content\/uploads\/2019\/07\/Cr\u00e9ditos-prensa-07-1-1024x395.png 1024w, https:\/\/soy.usac.edu.gt\/wp-content\/uploads\/2019\/07\/Cr\u00e9ditos-prensa-07-1-1088x420.png 1088w, https:\/\/soy.usac.edu.gt\/wp-content\/uploads\/2019\/07\/Cr\u00e9ditos-prensa-07-1-640x247.png 640w, https:\/\/soy.usac.edu.gt\/wp-content\/uploads\/2019\/07\/Cr\u00e9ditos-prensa-07-1-681x263.png 681w\" sizes=\"auto, (max-width: 5079px) 100vw, 5079px\" \/><\/p>\n<p style=\"text-align: justify;\">\u00a0<\/p>\n","protected":false},"excerpt":{"rendered":"<p>Vivimos el lema \u201cId y ense\u00f1ad a todos\u201d<\/p>\n","protected":false},"author":1,"featured_media":9208,"comment_status":"closed","ping_status":"open","sticky":false,"template":"","format":"standard","meta":{"_exactmetrics_skip_tracking":false,"_exactmetrics_sitenote_active":false,"_exactmetrics_sitenote_note":"","_exactmetrics_sitenote_category":0,"_jetpack_memberships_contains_paid_content":false,"footnotes":""},"categories":[29],"tags":[512,329,568],"class_list":["post-9199","post","type-post","status-publish","format-standard","has-post-thumbnail","hentry","category-noticias","tag-epsum","tag-rector-ing-murphy-paiz","tag-regina-valiente"],"aioseo_notices":[],"jetpack_featured_media_url":"https:\/\/soy.usac.edu.gt\/wp-content\/uploads\/2019\/10\/destacada-premio.png","views":"","jetpack-related-posts":[{"id":19324,"url":"https:\/\/soy.usac.edu.gt\/?p=19324","url_meta":{"origin":9199,"position":0},"title":"EPSUM recibe donaci\u00f3n","author":"Divisi\u00f3n de Publicidad","date":"29 mayo, 2023","format":false,"excerpt":"La organizaci\u00f3n Colgate, S. A. aport\u00f3 25,000 kits de cepillo y pasta dental para la implementaci\u00f3n de jornadas de educaci\u00f3n bucal, en las que participan estudiantes.","rel":"","context":"En \u00abSin categor\u00eda\u00bb","block_context":{"text":"Sin categor\u00eda","link":"https:\/\/soy.usac.edu.gt\/?cat=1"},"img":{"alt_text":"","src":"https:\/\/i0.wp.com\/soy.usac.edu.gt\/wp-content\/uploads\/2023\/05\/WhatsApp-Image-2023-05-26-at-09.05.30-1.jpeg?resize=350%2C200&ssl=1","width":350,"height":200,"srcset":"https:\/\/i0.wp.com\/soy.usac.edu.gt\/wp-content\/uploads\/2023\/05\/WhatsApp-Image-2023-05-26-at-09.05.30-1.jpeg?resize=350%2C200&ssl=1 1x, https:\/\/i0.wp.com\/soy.usac.edu.gt\/wp-content\/uploads\/2023\/05\/WhatsApp-Image-2023-05-26-at-09.05.30-1.jpeg?resize=525%2C300&ssl=1 1.5x, https:\/\/i0.wp.com\/soy.usac.edu.gt\/wp-content\/uploads\/2023\/05\/WhatsApp-Image-2023-05-26-at-09.05.30-1.jpeg?resize=700%2C400&ssl=1 2x"},"classes":[]},{"id":19309,"url":"https:\/\/soy.usac.edu.gt\/?p=19309","url_meta":{"origin":9199,"position":1},"title":"Realizan jornada integral de salud en Huehuetenango","author":"Divisi\u00f3n de Publicidad","date":"29 mayo, 2023","format":false,"excerpt":"Estudiantes del Ejercicio Profesional Supervisado Multidisciplinario (EPSUM) y de Ciencias M\u00e9dicas han impartido servicios gratuitos a la poblaci\u00f3n.","rel":"","context":"En \u00abEstudiantes\u00bb","block_context":{"text":"Estudiantes","link":"https:\/\/soy.usac.edu.gt\/?cat=585"},"img":{"alt_text":"","src":"https:\/\/i0.wp.com\/soy.usac.edu.gt\/wp-content\/uploads\/2023\/05\/5.jpg?resize=350%2C200&ssl=1","width":350,"height":200,"srcset":"https:\/\/i0.wp.com\/soy.usac.edu.gt\/wp-content\/uploads\/2023\/05\/5.jpg?resize=350%2C200&ssl=1 1x, https:\/\/i0.wp.com\/soy.usac.edu.gt\/wp-content\/uploads\/2023\/05\/5.jpg?resize=525%2C300&ssl=1 1.5x, https:\/\/i0.wp.com\/soy.usac.edu.gt\/wp-content\/uploads\/2023\/05\/5.jpg?resize=700%2C400&ssl=1 2x, https:\/\/i0.wp.com\/soy.usac.edu.gt\/wp-content\/uploads\/2023\/05\/5.jpg?resize=1050%2C600&ssl=1 3x, https:\/\/i0.wp.com\/soy.usac.edu.gt\/wp-content\/uploads\/2023\/05\/5.jpg?resize=1400%2C800&ssl=1 4x"},"classes":[]},{"id":15557,"url":"https:\/\/soy.usac.edu.gt\/?p=15557","url_meta":{"origin":9199,"position":2},"title":"Inauguran congreso sobre compromiso social y voluntariado universitario","author":"Divisi\u00f3n de Publicidad","date":"26 octubre, 2021","format":false,"excerpt":"La USAC es la primera sede de este importante evento acad\u00e9mico internacional.","rel":"","context":"En \u00abActividades\u00bb","block_context":{"text":"Actividades","link":"https:\/\/soy.usac.edu.gt\/?cat=126"},"img":{"alt_text":"","src":"https:\/\/i0.wp.com\/soy.usac.edu.gt\/wp-content\/uploads\/2021\/10\/WhatsApp-Image-2021-10-26-at-11.43.45.jpeg?resize=350%2C200&ssl=1","width":350,"height":200,"srcset":"https:\/\/i0.wp.com\/soy.usac.edu.gt\/wp-content\/uploads\/2021\/10\/WhatsApp-Image-2021-10-26-at-11.43.45.jpeg?resize=350%2C200&ssl=1 1x, https:\/\/i0.wp.com\/soy.usac.edu.gt\/wp-content\/uploads\/2021\/10\/WhatsApp-Image-2021-10-26-at-11.43.45.jpeg?resize=525%2C300&ssl=1 1.5x, https:\/\/i0.wp.com\/soy.usac.edu.gt\/wp-content\/uploads\/2021\/10\/WhatsApp-Image-2021-10-26-at-11.43.45.jpeg?resize=700%2C400&ssl=1 2x, https:\/\/i0.wp.com\/soy.usac.edu.gt\/wp-content\/uploads\/2021\/10\/WhatsApp-Image-2021-10-26-at-11.43.45.jpeg?resize=1050%2C600&ssl=1 3x, https:\/\/i0.wp.com\/soy.usac.edu.gt\/wp-content\/uploads\/2021\/10\/WhatsApp-Image-2021-10-26-at-11.43.45.jpeg?resize=1400%2C800&ssl=1 4x"},"classes":[]},{"id":19520,"url":"https:\/\/soy.usac.edu.gt\/?p=19520","url_meta":{"origin":9199,"position":3},"title":"Jornada m\u00e9dica organizada por EPSUM atiende a cientos de pobladores","author":"Divisi\u00f3n de Publicidad","date":"19 junio, 2023","format":false,"excerpt":"El 13 de junio se llev\u00f3 a cabo la 3.\u00aa Jornada M\u00e9dica Integral en el Centro de Recuperaci\u00f3n Nacional (CRN), San Andr\u00e9s Semetabaj, municipio de Solol\u00e1.","rel":"","context":"En \u00abNoticias\u00bb","block_context":{"text":"Noticias","link":"https:\/\/soy.usac.edu.gt\/?cat=29"},"img":{"alt_text":"","src":"https:\/\/i0.wp.com\/soy.usac.edu.gt\/wp-content\/uploads\/2023\/06\/WhatsApp-Image-2023-06-19-at-10.05.37-2.jpeg?resize=350%2C200&ssl=1","width":350,"height":200,"srcset":"https:\/\/i0.wp.com\/soy.usac.edu.gt\/wp-content\/uploads\/2023\/06\/WhatsApp-Image-2023-06-19-at-10.05.37-2.jpeg?resize=350%2C200&ssl=1 1x, https:\/\/i0.wp.com\/soy.usac.edu.gt\/wp-content\/uploads\/2023\/06\/WhatsApp-Image-2023-06-19-at-10.05.37-2.jpeg?resize=525%2C300&ssl=1 1.5x, https:\/\/i0.wp.com\/soy.usac.edu.gt\/wp-content\/uploads\/2023\/06\/WhatsApp-Image-2023-06-19-at-10.05.37-2.jpeg?resize=700%2C400&ssl=1 2x, https:\/\/i0.wp.com\/soy.usac.edu.gt\/wp-content\/uploads\/2023\/06\/WhatsApp-Image-2023-06-19-at-10.05.37-2.jpeg?resize=1050%2C600&ssl=1 3x, https:\/\/i0.wp.com\/soy.usac.edu.gt\/wp-content\/uploads\/2023\/06\/WhatsApp-Image-2023-06-19-at-10.05.37-2.jpeg?resize=1400%2C800&ssl=1 4x"},"classes":[]},{"id":15310,"url":"https:\/\/soy.usac.edu.gt\/?p=15310","url_meta":{"origin":9199,"position":4},"title":"Aportes de EPSUM al sector salud","author":"Divisi\u00f3n de Publicidad","date":"4 octubre, 2021","format":false,"excerpt":"El Ejercicio Profesional Supervisado Multidisciplinario (EPSUM) de la USAC ha contribuido a fortalecer entidades estatales y diversos servicios que se brindan a la poblaci\u00f3n con la incorporaci\u00f3n de estudiantes de Ciencias M\u00e9dicas, Enfermer\u00eda, Ciencias Psicol\u00f3gicas, Nutrici\u00f3n, Trabajo Social, Qu\u00edmica Biol\u00f3gica y Biolog\u00eda.","rel":"","context":"En \u00abNoticias\u00bb","block_context":{"text":"Noticias","link":"https:\/\/soy.usac.edu.gt\/?cat=29"},"img":{"alt_text":"","src":"https:\/\/i0.wp.com\/soy.usac.edu.gt\/wp-content\/uploads\/2021\/10\/epsum-otra.jpg?resize=350%2C200&ssl=1","width":350,"height":200,"srcset":"https:\/\/i0.wp.com\/soy.usac.edu.gt\/wp-content\/uploads\/2021\/10\/epsum-otra.jpg?resize=350%2C200&ssl=1 1x, https:\/\/i0.wp.com\/soy.usac.edu.gt\/wp-content\/uploads\/2021\/10\/epsum-otra.jpg?resize=525%2C300&ssl=1 1.5x, https:\/\/i0.wp.com\/soy.usac.edu.gt\/wp-content\/uploads\/2021\/10\/epsum-otra.jpg?resize=700%2C400&ssl=1 2x, https:\/\/i0.wp.com\/soy.usac.edu.gt\/wp-content\/uploads\/2021\/10\/epsum-otra.jpg?resize=1050%2C600&ssl=1 3x"},"classes":[]},{"id":15038,"url":"https:\/\/soy.usac.edu.gt\/?p=15038","url_meta":{"origin":9199,"position":5},"title":"USAC invita a participar en un congreso internacional de voluntariado","author":"Divisi\u00f3n de Publicidad","date":"3 septiembre, 2021","format":false,"excerpt":"La Universidad de San Carlos de Guatemala, a trav\u00e9s del Ejercicio Profesional Supervisado Multidisciplinario (EPSUM), organiz\u00f3 el Congreso Internacional de Servicio Social (CISS) 2021, que se realizar\u00e1 del 26 al 28 de octubre en modalidad virtual; conoce la informaci\u00f3n para participar.","rel":"","context":"En \u00abEstudiantes\u00bb","block_context":{"text":"Estudiantes","link":"https:\/\/soy.usac.edu.gt\/?cat=585"},"img":{"alt_text":"","src":"https:\/\/i0.wp.com\/soy.usac.edu.gt\/wp-content\/uploads\/2021\/09\/WhatsApp-Image-2021-08-20-at-09.57.56.jpeg?resize=350%2C200&ssl=1","width":350,"height":200,"srcset":"https:\/\/i0.wp.com\/soy.usac.edu.gt\/wp-content\/uploads\/2021\/09\/WhatsApp-Image-2021-08-20-at-09.57.56.jpeg?resize=350%2C200&ssl=1 1x, https:\/\/i0.wp.com\/soy.usac.edu.gt\/wp-content\/uploads\/2021\/09\/WhatsApp-Image-2021-08-20-at-09.57.56.jpeg?resize=525%2C300&ssl=1 1.5x, https:\/\/i0.wp.com\/soy.usac.edu.gt\/wp-content\/uploads\/2021\/09\/WhatsApp-Image-2021-08-20-at-09.57.56.jpeg?resize=700%2C400&ssl=1 2x, https:\/\/i0.wp.com\/soy.usac.edu.gt\/wp-content\/uploads\/2021\/09\/WhatsApp-Image-2021-08-20-at-09.57.56.jpeg?resize=1050%2C600&ssl=1 3x"},"classes":[]}],"jetpack_sharing_enabled":true,"_links":{"self":[{"href":"https:\/\/soy.usac.edu.gt\/index.php?rest_route=\/wp\/v2\/posts\/9199","targetHints":{"allow":["GET"]}}],"collection":[{"href":"https:\/\/soy.usac.edu.gt\/index.php?rest_route=\/wp\/v2\/posts"}],"about":[{"href":"https:\/\/soy.usac.edu.gt\/index.php?rest_route=\/wp\/v2\/types\/post"}],"author":[{"embeddable":true,"href":"https:\/\/soy.usac.edu.gt\/index.php?rest_route=\/wp\/v2\/users\/1"}],"replies":[{"embeddable":true,"href":"https:\/\/soy.usac.edu.gt\/index.php?rest_route=%2Fwp%2Fv2%2Fcomments&post=9199"}],"version-history":[{"count":0,"href":"https:\/\/soy.usac.edu.gt\/index.php?rest_route=\/wp\/v2\/posts\/9199\/revisions"}],"wp:featuredmedia":[{"embeddable":true,"href":"https:\/\/soy.usac.edu.gt\/index.php?rest_route=\/wp\/v2\/media\/9208"}],"wp:attachment":[{"href":"https:\/\/soy.usac.edu.gt\/index.php?rest_route=%2Fwp%2Fv2%2Fmedia&parent=9199"}],"wp:term":[{"taxonomy":"category","embeddable":true,"href":"https:\/\/soy.usac.edu.gt\/index.php?rest_route=%2Fwp%2Fv2%2Fcategories&post=9199"},{"taxonomy":"post_tag","embeddable":true,"href":"https:\/\/soy.usac.edu.gt\/index.php?rest_route=%2Fwp%2Fv2%2Ftags&post=9199"}],"curies":[{"name":"wp","href":"https:\/\/api.w.org\/{rel}","templated":true}]}}