{"id":9222,"date":"2019-10-25T15:29:49","date_gmt":"2019-10-25T21:29:49","guid":{"rendered":"https:\/\/soy.usac.edu.gt\/?p=9222"},"modified":"2019-10-30T07:32:56","modified_gmt":"2019-10-30T13:32:56","slug":"agexport-capacita-a-sancarlistas-en-temas-de-exportacion-y-emprendimiento","status":"publish","type":"post","link":"https:\/\/soy.usac.edu.gt\/?p=9222","title":{"rendered":"AGEXPORT capacita a sancarlistas en temas de exportaci\u00f3n y emprendimiento"},"content":{"rendered":"\n<h4 style=\"text-align: justify;\"><strong><i>Un total de 40 sancarlistas est\u00e1n recibiendo el diplomado \u201cIncubadora de Negocios en Exportaci\u00f3n para Emprendedores\u201d.<\/i><\/strong><\/h4>\n<p style=\"text-align: justify;\"><span style=\"font-weight: 400;\">La Universidad\u00a0 de San Carlos y la Asociaci\u00f3n de Exportadores de Guatemala (AGEXPORT) firmaron una carta de entendimiento con el objetivo de formalizar una serie de acciones que esta casa de estudios est\u00e1 implementando para integrar temas de innovaci\u00f3n y emprendimiento a la formaci\u00f3n de los universitarios.\u00a0<\/span><\/p>\n<p style=\"text-align: justify;\"><span style=\"font-weight: 400;\">Con AGEXPORT, la universidad busca formaci\u00f3n enfocada en la exportaci\u00f3n, entre las acciones que ya se est\u00e1n implementando se encuentra el diplomado \u201cIncubadora de Negocios en Exportaci\u00f3n para Emprendedores\u201d, impartido por capacitadores de esa instituci\u00f3n.\u00a0<\/span><\/p>\n<p style=\"text-align: justify;\"><span style=\"font-weight: 400;\">AGEXPORT contribuye con programas de formaci\u00f3n en la universidad desde 2004. Con la firma de este convenio, solo se est\u00e1 dando formalidad a las acciones que se realizan en conjunto.\u00a0<\/span><\/p>\n<div id='gallery-1' class='gallery galleryid-9222 gallery-columns-3 gallery-size-thumbnail'><figure class='gallery-item'>\n\t\t\t<div class='gallery-icon landscape'>\n\t\t\t\t<a href='https:\/\/soy.usac.edu.gt\/?attachment_id=9227'><img loading=\"lazy\" decoding=\"async\" width=\"150\" height=\"150\" src=\"https:\/\/soy.usac.edu.gt\/wp-content\/uploads\/2019\/10\/2-9-150x150.jpg\" class=\"attachment-thumbnail size-thumbnail\" alt=\"\" \/><\/a>\n\t\t\t<\/div><\/figure><figure class='gallery-item'>\n\t\t\t<div class='gallery-icon landscape'>\n\t\t\t\t<a href='https:\/\/soy.usac.edu.gt\/?attachment_id=9228'><img loading=\"lazy\" decoding=\"async\" width=\"150\" height=\"150\" src=\"https:\/\/soy.usac.edu.gt\/wp-content\/uploads\/2019\/10\/4-7-150x150.jpg\" class=\"attachment-thumbnail size-thumbnail\" alt=\"\" \/><\/a>\n\t\t\t<\/div><\/figure><figure class='gallery-item'>\n\t\t\t<div class='gallery-icon landscape'>\n\t\t\t\t<a href='https:\/\/soy.usac.edu.gt\/?attachment_id=9229'><img loading=\"lazy\" decoding=\"async\" width=\"150\" height=\"150\" src=\"https:\/\/soy.usac.edu.gt\/wp-content\/uploads\/2019\/10\/5-6-150x150.jpg\" class=\"attachment-thumbnail size-thumbnail\" alt=\"\" \/><\/a>\n\t\t\t<\/div><\/figure><figure class='gallery-item'>\n\t\t\t<div class='gallery-icon landscape'>\n\t\t\t\t<a href='https:\/\/soy.usac.edu.gt\/?attachment_id=9230'><img loading=\"lazy\" decoding=\"async\" width=\"150\" height=\"150\" src=\"https:\/\/soy.usac.edu.gt\/wp-content\/uploads\/2019\/10\/6-6-150x150.jpg\" class=\"attachment-thumbnail size-thumbnail\" alt=\"\" \/><\/a>\n\t\t\t<\/div><\/figure><figure class='gallery-item'>\n\t\t\t<div class='gallery-icon landscape'>\n\t\t\t\t<a href='https:\/\/soy.usac.edu.gt\/?attachment_id=9231'><img loading=\"lazy\" decoding=\"async\" width=\"150\" height=\"150\" src=\"https:\/\/soy.usac.edu.gt\/wp-content\/uploads\/2019\/10\/8-6-150x150.jpg\" class=\"attachment-thumbnail size-thumbnail\" alt=\"\" \/><\/a>\n\t\t\t<\/div><\/figure>\n\t\t<\/div>\n\n<p style=\"text-align: justify;\"><span style=\"font-weight: 400;\">El convenio fue firmado por Luis Antonio Su\u00e1rez Rold\u00e1n, decano de la Facultad de Ciencias Econ\u00f3micas; Anabela C\u00f3rdoba, decana de la Facultad de Ingenier\u00eda; F\u00e9lix Aguilar, director general de Investigaci\u00f3n; Amador Carballido, director general de AGEXPORT; y Olmedo Espa\u00f1a, director general de Docencia, como representante del Rector.\u00a0<\/span><\/p>\n<p style=\"text-align: justify;\"><span style=\"font-weight: 400;\">\u201cLa raz\u00f3n por la que queremos trabajar con AGEXPORT es porque representan al sector productivo m\u00e1s moderno y progresista que tiene el pa\u00eds\u201d, explic\u00f3 Olmedo Espa\u00f1a, quien adem\u00e1s dijo que es necesario, ante la falta de empleo, formar a los estudiantes para que desarrollen sus propias fuentes de ingresos.\u00a0<\/span><\/p>\n<p style=\"text-align: justify;\"><img loading=\"lazy\" decoding=\"async\" class=\"aligncenter size-full wp-image-7406\" src=\"https:\/\/soy.usac.edu.gt\/wp-content\/uploads\/2019\/07\/Cr\u00e9ditos-prensa-01-1.png\" alt=\"\" width=\"5079\" height=\"1960\" srcset=\"https:\/\/soy.usac.edu.gt\/wp-content\/uploads\/2019\/07\/Cr\u00e9ditos-prensa-01-1.png 5079w, https:\/\/soy.usac.edu.gt\/wp-content\/uploads\/2019\/07\/Cr\u00e9ditos-prensa-01-1-300x116.png 300w, https:\/\/soy.usac.edu.gt\/wp-content\/uploads\/2019\/07\/Cr\u00e9ditos-prensa-01-1-768x296.png 768w, https:\/\/soy.usac.edu.gt\/wp-content\/uploads\/2019\/07\/Cr\u00e9ditos-prensa-01-1-1024x395.png 1024w, https:\/\/soy.usac.edu.gt\/wp-content\/uploads\/2019\/07\/Cr\u00e9ditos-prensa-01-1-1088x420.png 1088w, https:\/\/soy.usac.edu.gt\/wp-content\/uploads\/2019\/07\/Cr\u00e9ditos-prensa-01-1-640x247.png 640w, https:\/\/soy.usac.edu.gt\/wp-content\/uploads\/2019\/07\/Cr\u00e9ditos-prensa-01-1-681x263.png 681w\" sizes=\"auto, (max-width: 5079px) 100vw, 5079px\" \/><\/p>\n","protected":false},"excerpt":{"rendered":"<p>Un total de 40 sancarlistas est\u00e1n recibiendo el diplomado \u201cIncubadora de Negocios en Exportaci\u00f3n para Emprendedores\u201d.<\/p>\n","protected":false},"author":1,"featured_media":9226,"comment_status":"closed","ping_status":"open","sticky":false,"template":"","format":"standard","meta":{"_exactmetrics_skip_tracking":false,"_exactmetrics_sitenote_active":false,"_exactmetrics_sitenote_note":"","_exactmetrics_sitenote_category":0,"_jetpack_memberships_contains_paid_content":false,"footnotes":""},"categories":[96,29],"tags":[440,157,163],"class_list":["post-9222","post","type-post","status-publish","format-standard","has-post-thumbnail","hentry","category-mas-noticias","category-noticias","tag-digi","tag-facultad-de-ciencias-economicas","tag-facultad-de-ingenieria"],"aioseo_notices":[],"jetpack_featured_media_url":"https:\/\/soy.usac.edu.gt\/wp-content\/uploads\/2019\/10\/1-8.jpg","views":"","jetpack-related-posts":[{"id":2829,"url":"https:\/\/soy.usac.edu.gt\/?p=2829","url_meta":{"origin":9222,"position":0},"title":"Sancarlistas compiten en la b\u00fasqueda de financiamiento","author":"Divisi\u00f3n de Publicidad","date":"5 noviembre, 2018","format":false,"excerpt":"Durante el primer Agro Tank estudiantes de la facultad de agronom\u00eda presentaron sus proyectos de emprendimientos a posibles inversores para tratar de convencerlos para financiar sus propuestas. Al estilo de la serie Negociando con Tiburones, en el Aula Magna Igl\u00fa de la USAC, se efectu\u00f3 la presentaci\u00f3n de 10 \u00a0proyectos\u2026","rel":"","context":"En \u00abNoticias\u00bb","block_context":{"text":"Noticias","link":"https:\/\/soy.usac.edu.gt\/?cat=29"},"img":{"alt_text":"","src":"https:\/\/i0.wp.com\/soy.usac.edu.gt\/wp-content\/uploads\/2018\/10\/AGROTANK-6.jpg?resize=350%2C200&ssl=1","width":350,"height":200,"srcset":"https:\/\/i0.wp.com\/soy.usac.edu.gt\/wp-content\/uploads\/2018\/10\/AGROTANK-6.jpg?resize=350%2C200&ssl=1 1x, https:\/\/i0.wp.com\/soy.usac.edu.gt\/wp-content\/uploads\/2018\/10\/AGROTANK-6.jpg?resize=525%2C300&ssl=1 1.5x, https:\/\/i0.wp.com\/soy.usac.edu.gt\/wp-content\/uploads\/2018\/10\/AGROTANK-6.jpg?resize=700%2C400&ssl=1 2x, https:\/\/i0.wp.com\/soy.usac.edu.gt\/wp-content\/uploads\/2018\/10\/AGROTANK-6.jpg?resize=1050%2C600&ssl=1 3x, https:\/\/i0.wp.com\/soy.usac.edu.gt\/wp-content\/uploads\/2018\/10\/AGROTANK-6.jpg?resize=1400%2C800&ssl=1 4x"},"classes":[]},{"id":2788,"url":"https:\/\/soy.usac.edu.gt\/?p=2788","url_meta":{"origin":9222,"position":1},"title":"Capacitan a sancarlistas en comunicaci\u00f3n no verbal","author":"Divisi\u00f3n de Publicidad","date":"30 octubre, 2018","format":false,"excerpt":"La Usac y el Benem\u00e9rito Comit\u00e9 Pro Ciegos y Sordos de Guatemala realizaron un programa educativo para capacitar a trabajadores y profesionales universitarios en lenguaje de se\u00f1as. A trav\u00e9s de un trabajo en conjunto la USAC y Benem\u00e9rito Comit\u00e9 Pro Ciegos desarrollaron en cooperaci\u00f3n un programa educativo destinado a ense\u00f1ar\u2026","rel":"","context":"En \u00abNoticias\u00bb","block_context":{"text":"Noticias","link":"https:\/\/soy.usac.edu.gt\/?cat=29"},"img":{"alt_text":"","src":"https:\/\/i0.wp.com\/soy.usac.edu.gt\/wp-content\/uploads\/2018\/10\/capacitaci%C3%B3n-lenguaje-de-se%C3%B1as-2.jpg?resize=350%2C200&ssl=1","width":350,"height":200,"srcset":"https:\/\/i0.wp.com\/soy.usac.edu.gt\/wp-content\/uploads\/2018\/10\/capacitaci%C3%B3n-lenguaje-de-se%C3%B1as-2.jpg?resize=350%2C200&ssl=1 1x, https:\/\/i0.wp.com\/soy.usac.edu.gt\/wp-content\/uploads\/2018\/10\/capacitaci%C3%B3n-lenguaje-de-se%C3%B1as-2.jpg?resize=525%2C300&ssl=1 1.5x, https:\/\/i0.wp.com\/soy.usac.edu.gt\/wp-content\/uploads\/2018\/10\/capacitaci%C3%B3n-lenguaje-de-se%C3%B1as-2.jpg?resize=700%2C400&ssl=1 2x, https:\/\/i0.wp.com\/soy.usac.edu.gt\/wp-content\/uploads\/2018\/10\/capacitaci%C3%B3n-lenguaje-de-se%C3%B1as-2.jpg?resize=1050%2C600&ssl=1 3x, https:\/\/i0.wp.com\/soy.usac.edu.gt\/wp-content\/uploads\/2018\/10\/capacitaci%C3%B3n-lenguaje-de-se%C3%B1as-2.jpg?resize=1400%2C800&ssl=1 4x"},"classes":[]},{"id":13991,"url":"https:\/\/soy.usac.edu.gt\/?p=13991","url_meta":{"origin":9222,"position":2},"title":"Capacitan a 150 investigadores sancarlistas","author":"Divisi\u00f3n de Publicidad","date":"27 abril, 2021","format":false,"excerpt":"Hoy se llev\u00f3 a cabo la inauguraci\u00f3n del Diplomado Internacional de Cultura de la Investigaci\u00f3n, que busca fortalecer las capacidades de investigadores de la USAC.","rel":"","context":"En \u00abNoticias\u00bb","block_context":{"text":"Noticias","link":"https:\/\/soy.usac.edu.gt\/?cat=29"},"img":{"alt_text":"","src":"https:\/\/i0.wp.com\/soy.usac.edu.gt\/wp-content\/uploads\/2021\/04\/8-scaled-1.jpg?resize=350%2C200&ssl=1","width":350,"height":200,"srcset":"https:\/\/i0.wp.com\/soy.usac.edu.gt\/wp-content\/uploads\/2021\/04\/8-scaled-1.jpg?resize=350%2C200&ssl=1 1x, https:\/\/i0.wp.com\/soy.usac.edu.gt\/wp-content\/uploads\/2021\/04\/8-scaled-1.jpg?resize=525%2C300&ssl=1 1.5x, https:\/\/i0.wp.com\/soy.usac.edu.gt\/wp-content\/uploads\/2021\/04\/8-scaled-1.jpg?resize=700%2C400&ssl=1 2x, https:\/\/i0.wp.com\/soy.usac.edu.gt\/wp-content\/uploads\/2021\/04\/8-scaled-1.jpg?resize=1050%2C600&ssl=1 3x, https:\/\/i0.wp.com\/soy.usac.edu.gt\/wp-content\/uploads\/2021\/04\/8-scaled-1.jpg?resize=1400%2C800&ssl=1 4x"},"classes":[]},{"id":5828,"url":"https:\/\/soy.usac.edu.gt\/?p=5828","url_meta":{"origin":9222,"position":3},"title":"Estudiantes presentan  proyectos de emprendimiento","author":"Divisi\u00f3n de Publicidad","date":"3 mayo, 2019","format":false,"excerpt":"Hoy inici\u00f3 Emprende USAC, la feria que promueve el desarrollo de competencias creativas, liderazgo y trabajo en equipo.","rel":"","context":"En \u00abM\u00e1s Noticias\u00bb","block_context":{"text":"M\u00e1s Noticias","link":"https:\/\/soy.usac.edu.gt\/?cat=96"},"img":{"alt_text":"","src":"https:\/\/i0.wp.com\/soy.usac.edu.gt\/wp-content\/uploads\/2019\/05\/DSC_0036.jpg?resize=350%2C200&ssl=1","width":350,"height":200,"srcset":"https:\/\/i0.wp.com\/soy.usac.edu.gt\/wp-content\/uploads\/2019\/05\/DSC_0036.jpg?resize=350%2C200&ssl=1 1x, https:\/\/i0.wp.com\/soy.usac.edu.gt\/wp-content\/uploads\/2019\/05\/DSC_0036.jpg?resize=525%2C300&ssl=1 1.5x, https:\/\/i0.wp.com\/soy.usac.edu.gt\/wp-content\/uploads\/2019\/05\/DSC_0036.jpg?resize=700%2C400&ssl=1 2x, https:\/\/i0.wp.com\/soy.usac.edu.gt\/wp-content\/uploads\/2019\/05\/DSC_0036.jpg?resize=1050%2C600&ssl=1 3x, https:\/\/i0.wp.com\/soy.usac.edu.gt\/wp-content\/uploads\/2019\/05\/DSC_0036.jpg?resize=1400%2C800&ssl=1 4x"},"classes":[]},{"id":13806,"url":"https:\/\/soy.usac.edu.gt\/?p=13806","url_meta":{"origin":9222,"position":4},"title":"La reinvenci\u00f3n del emprendimiento","author":"Divisi\u00f3n de Publicidad","date":"8 abril, 2021","format":false,"excerpt":"La pandemia est\u00e1 acelerando la digitalizaci\u00f3n de todo tipo de actividades, entre ellas, las comerciales.","rel":"","context":"En \u00abBecas y Convocatorias\u00bb","block_context":{"text":"Becas y Convocatorias","link":"https:\/\/soy.usac.edu.gt\/?cat=127"},"img":{"alt_text":"","src":"https:\/\/i0.wp.com\/soy.usac.edu.gt\/wp-content\/uploads\/2021\/04\/DSC0778-1-scaled.jpg?resize=350%2C200&ssl=1","width":350,"height":200,"srcset":"https:\/\/i0.wp.com\/soy.usac.edu.gt\/wp-content\/uploads\/2021\/04\/DSC0778-1-scaled.jpg?resize=350%2C200&ssl=1 1x, https:\/\/i0.wp.com\/soy.usac.edu.gt\/wp-content\/uploads\/2021\/04\/DSC0778-1-scaled.jpg?resize=525%2C300&ssl=1 1.5x, https:\/\/i0.wp.com\/soy.usac.edu.gt\/wp-content\/uploads\/2021\/04\/DSC0778-1-scaled.jpg?resize=700%2C400&ssl=1 2x, https:\/\/i0.wp.com\/soy.usac.edu.gt\/wp-content\/uploads\/2021\/04\/DSC0778-1-scaled.jpg?resize=1050%2C600&ssl=1 3x, https:\/\/i0.wp.com\/soy.usac.edu.gt\/wp-content\/uploads\/2021\/04\/DSC0778-1-scaled.jpg?resize=1400%2C800&ssl=1 4x"},"classes":[]},{"id":2804,"url":"https:\/\/soy.usac.edu.gt\/?p=2804","url_meta":{"origin":9222,"position":5},"title":"Presentan m\u00e1s de 150 proyectos de emprendimiento","author":"Divisi\u00f3n de Publicidad","date":"30 octubre, 2018","format":false,"excerpt":"En la plaza dedicada a los h\u00e9roes y m\u00e1rtires de la tricentenaria Universidad de San Carlos de Guatemala (USAC), se realiz\u00f3 el evento \u201cEmprendedores 2018\u201d. En el acto inaugural estuvieron presentes las autoridades universitarias: rector, Ing. Murphy Paiz; decano de la Facultad de Agronom\u00eda, Ing. Agr. Mario God\u00ednez; Ing. Agr.\u2026","rel":"","context":"En \u00abNoticias\u00bb","block_context":{"text":"Noticias","link":"https:\/\/soy.usac.edu.gt\/?cat=29"},"img":{"alt_text":"","src":"https:\/\/i0.wp.com\/soy.usac.edu.gt\/wp-content\/uploads\/2018\/10\/EMPRENDIMIENTO-3.jpg?resize=350%2C200&ssl=1","width":350,"height":200,"srcset":"https:\/\/i0.wp.com\/soy.usac.edu.gt\/wp-content\/uploads\/2018\/10\/EMPRENDIMIENTO-3.jpg?resize=350%2C200&ssl=1 1x, https:\/\/i0.wp.com\/soy.usac.edu.gt\/wp-content\/uploads\/2018\/10\/EMPRENDIMIENTO-3.jpg?resize=525%2C300&ssl=1 1.5x, https:\/\/i0.wp.com\/soy.usac.edu.gt\/wp-content\/uploads\/2018\/10\/EMPRENDIMIENTO-3.jpg?resize=700%2C400&ssl=1 2x"},"classes":[]}],"jetpack_sharing_enabled":true,"_links":{"self":[{"href":"https:\/\/soy.usac.edu.gt\/index.php?rest_route=\/wp\/v2\/posts\/9222","targetHints":{"allow":["GET"]}}],"collection":[{"href":"https:\/\/soy.usac.edu.gt\/index.php?rest_route=\/wp\/v2\/posts"}],"about":[{"href":"https:\/\/soy.usac.edu.gt\/index.php?rest_route=\/wp\/v2\/types\/post"}],"author":[{"embeddable":true,"href":"https:\/\/soy.usac.edu.gt\/index.php?rest_route=\/wp\/v2\/users\/1"}],"replies":[{"embeddable":true,"href":"https:\/\/soy.usac.edu.gt\/index.php?rest_route=%2Fwp%2Fv2%2Fcomments&post=9222"}],"version-history":[{"count":0,"href":"https:\/\/soy.usac.edu.gt\/index.php?rest_route=\/wp\/v2\/posts\/9222\/revisions"}],"wp:featuredmedia":[{"embeddable":true,"href":"https:\/\/soy.usac.edu.gt\/index.php?rest_route=\/wp\/v2\/media\/9226"}],"wp:attachment":[{"href":"https:\/\/soy.usac.edu.gt\/index.php?rest_route=%2Fwp%2Fv2%2Fmedia&parent=9222"}],"wp:term":[{"taxonomy":"category","embeddable":true,"href":"https:\/\/soy.usac.edu.gt\/index.php?rest_route=%2Fwp%2Fv2%2Fcategories&post=9222"},{"taxonomy":"post_tag","embeddable":true,"href":"https:\/\/soy.usac.edu.gt\/index.php?rest_route=%2Fwp%2Fv2%2Ftags&post=9222"}],"curies":[{"name":"wp","href":"https:\/\/api.w.org\/{rel}","templated":true}]}}