{"id":9464,"date":"2019-10-30T15:36:31","date_gmt":"2019-10-30T21:36:31","guid":{"rendered":"https:\/\/soy.usac.edu.gt\/?p=9464"},"modified":"2019-10-30T15:41:14","modified_gmt":"2019-10-30T21:41:14","slug":"ingenieria-civil-inicia-proceso-de-reacreditacion","status":"publish","type":"post","link":"https:\/\/soy.usac.edu.gt\/?p=9464","title":{"rendered":"Ingenier\u00eda Civil inicia proceso de reacreditaci\u00f3n"},"content":{"rendered":"\n<h5 style=\"text-align: justify;\"><strong><i>Este programa de formaci\u00f3n es el m\u00e1s antiguo de la Facultad de Ingenier\u00eda.<\/i><\/strong><\/h5>\n<p style=\"text-align: justify;\"><span style=\"font-weight: 400;\">Desde este lunes un grupo de tres pares acreditadores de la Agencia Centroamericana de Acreditaci\u00f3n de Programas de Arquitectura y de Ingenier\u00eda (ACAAI), se encuentran en el campus central realizando todo el proceso de evaluaci\u00f3n para determinar si la carrera de Ingenier\u00eda Civil contin\u00faa cumpliendo los est\u00e1ndares de calidad que establece ACAAI.\u00a0<\/span><\/p>\n<p style=\"text-align: justify;\"><span style=\"font-weight: 400;\">El programa de Ingenier\u00eda Civil est\u00e1 siendo evaluado porque pronto vencer\u00e1 su acreditaci\u00f3n, por lo que este proceso busca una reacreditaci\u00f3n. Esta carrera es la m\u00e1s antigua de la Facultad de Ingenier\u00eda, de ella depende el pa\u00eds para formar a buenos profesionales que realicen obras de calidad.\u00a0<\/span><\/p>\n<blockquote>\n<pre style=\"text-align: justify;\"><span style=\"font-weight: 400;\">Hoy a las 2 p. m. se entreg\u00f3 el preinforme de las evaluaciones.\u00a0\u00a0<\/span><\/pre>\n<\/blockquote>\n<p style=\"text-align: justify;\"><span style=\"font-weight: 400;\">\u201cEstamos confiados de que es un programa serio, con m\u00e1s de cien a\u00f1os de existencia y, por lo tanto, su estructura funciona de acuerdo con lo que hoy requiere la calidad acad\u00e9mica. Este proceso es parte de las mejoras continuas y de las auditor\u00edas que se deben dar\u201d, declar\u00f3 el Rector, Ing. Murphy Paiz.\u00a0<\/span><\/p>\n<p style=\"text-align: justify;\"><span style=\"font-weight: 400;\">\u201cEl proceso reacreditaci\u00f3n durar\u00e1 una semana, ellos entregan un\u00a0 informe a la agencia; nos explican los hallazgos para poder hacer las correcciones con el objetivo de mantener la calidad y est\u00e1ndares que exige el mercado dentro los programas de estudio\u201d, inform\u00f3 Anabela C\u00f3rdova, decana de la facultad.\u00a0\u00a0<\/span><\/p>\n<blockquote class=\"td_quote_box td_box_center\">\n<h5 style=\"text-align: justify;\"><b>Sobre ACAAI<\/b><\/h5>\n<h5 style=\"text-align: justify;\"><span style=\"font-weight: 400;\">Es un organismo regional centroamericano sin fines de lucro, autorregulable e independiente, constituido por los sectores acad\u00e9mico, gubernamental, empleador y profesional de Centroam\u00e9rica. Como instancia de primer nivel, es la encargada realizar los procesos de acreditaci\u00f3n de programas de estudio de Arquitectura e Ingenier\u00eda.<\/span><\/h5>\n<\/blockquote>\n<div id='gallery-1' class='gallery galleryid-9464 gallery-columns-3 gallery-size-thumbnail'><figure class='gallery-item'>\n\t\t\t<div class='gallery-icon landscape'>\n\t\t\t\t<a href='https:\/\/soy.usac.edu.gt\/?attachment_id=9480'><img loading=\"lazy\" decoding=\"async\" width=\"150\" height=\"150\" src=\"https:\/\/soy.usac.edu.gt\/wp-content\/uploads\/2019\/10\/fullsizeoutput_16b-1-150x150.jpeg\" class=\"attachment-thumbnail size-thumbnail\" alt=\"\" \/><\/a>\n\t\t\t<\/div><\/figure><figure class='gallery-item'>\n\t\t\t<div class='gallery-icon landscape'>\n\t\t\t\t<a href='https:\/\/soy.usac.edu.gt\/?attachment_id=9477'><img loading=\"lazy\" decoding=\"async\" width=\"150\" height=\"150\" src=\"https:\/\/soy.usac.edu.gt\/wp-content\/uploads\/2019\/10\/fullsizeoutput_164-1-150x150.jpeg\" class=\"attachment-thumbnail size-thumbnail\" alt=\"\" \/><\/a>\n\t\t\t<\/div><\/figure><figure class='gallery-item'>\n\t\t\t<div class='gallery-icon landscape'>\n\t\t\t\t<a href='https:\/\/soy.usac.edu.gt\/?attachment_id=9478'><img loading=\"lazy\" decoding=\"async\" width=\"150\" height=\"150\" src=\"https:\/\/soy.usac.edu.gt\/wp-content\/uploads\/2019\/10\/fullsizeoutput_166-1-150x150.jpeg\" class=\"attachment-thumbnail size-thumbnail\" alt=\"\" \/><\/a>\n\t\t\t<\/div><\/figure><figure class='gallery-item'>\n\t\t\t<div class='gallery-icon landscape'>\n\t\t\t\t<a href='https:\/\/soy.usac.edu.gt\/?attachment_id=9479'><img loading=\"lazy\" decoding=\"async\" width=\"150\" height=\"150\" src=\"https:\/\/soy.usac.edu.gt\/wp-content\/uploads\/2019\/10\/fullsizeoutput_168-1-150x150.jpeg\" class=\"attachment-thumbnail size-thumbnail\" alt=\"\" \/><\/a>\n\t\t\t<\/div><\/figure>\n\t\t<\/div>\n\n<p style=\"text-align: justify;\">\u00a0<\/p>\n<p style=\"text-align: justify;\"><span style=\"font-weight: 400;\"><br \/><\/span><span style=\"font-weight: 400;\"><br \/><\/span><\/p>\n<p style=\"text-align: justify;\"><span style=\"font-weight: 400;\"><img loading=\"lazy\" decoding=\"async\" class=\"aligncenter size-full wp-image-8074\" src=\"https:\/\/soy.usac.edu.gt\/wp-content\/uploads\/2019\/09\/Cr\u00e9ditos-prensa-06.png\" alt=\"\" width=\"5079\" height=\"1960\" srcset=\"https:\/\/soy.usac.edu.gt\/wp-content\/uploads\/2019\/09\/Cr\u00e9ditos-prensa-06.png 5079w, https:\/\/soy.usac.edu.gt\/wp-content\/uploads\/2019\/09\/Cr\u00e9ditos-prensa-06-300x116.png 300w, https:\/\/soy.usac.edu.gt\/wp-content\/uploads\/2019\/09\/Cr\u00e9ditos-prensa-06-768x296.png 768w, https:\/\/soy.usac.edu.gt\/wp-content\/uploads\/2019\/09\/Cr\u00e9ditos-prensa-06-1024x395.png 1024w, https:\/\/soy.usac.edu.gt\/wp-content\/uploads\/2019\/09\/Cr\u00e9ditos-prensa-06-1088x420.png 1088w, https:\/\/soy.usac.edu.gt\/wp-content\/uploads\/2019\/09\/Cr\u00e9ditos-prensa-06-640x247.png 640w, https:\/\/soy.usac.edu.gt\/wp-content\/uploads\/2019\/09\/Cr\u00e9ditos-prensa-06-681x263.png 681w\" sizes=\"auto, (max-width: 5079px) 100vw, 5079px\" \/><br \/><br \/><\/span><\/p>\n<p style=\"text-align: justify;\">\u00a0<\/p>\n","protected":false},"excerpt":{"rendered":"<p>Este programa de formaci\u00f3n es el m\u00e1s antiguo de la Facultad de Ingenier\u00eda.<\/p>\n","protected":false},"author":1,"featured_media":9471,"comment_status":"closed","ping_status":"open","sticky":false,"template":"","format":"standard","meta":{"_exactmetrics_skip_tracking":false,"_exactmetrics_sitenote_active":false,"_exactmetrics_sitenote_note":"","_exactmetrics_sitenote_category":0,"_jetpack_memberships_contains_paid_content":false,"footnotes":""},"categories":[29],"tags":[163,579],"class_list":["post-9464","post","type-post","status-publish","format-standard","has-post-thumbnail","hentry","category-noticias","tag-facultad-de-ingenieria","tag-ingenieria-civil"],"aioseo_notices":[],"jetpack_featured_media_url":"https:\/\/soy.usac.edu.gt\/wp-content\/uploads\/2019\/10\/fullsizeoutput_160.jpeg","views":"","jetpack-related-posts":[{"id":3837,"url":"https:\/\/soy.usac.edu.gt\/?p=3837","url_meta":{"origin":9464,"position":0},"title":"Carreras de Arquitectura y Dise\u00f1o Gr\u00e1fico acreditadas","author":"Divisi\u00f3n de Publicidad","date":"4 febrero, 2019","format":false,"excerpt":"La Agencia Centroamericana de Acreditaci\u00f3n de Arquitectura y de Ingenier\u00eda (ACAAI) acredit\u00f3 por cuatro a\u00f1os a las licenciaturas en Arquitectura y Dise\u00f1o Gr\u00e1fico. Hoy fueron entregadas las acreditaciones de los programas de ambas licenciaturas. Para el decano, Arq. Byron Rabe Rend\u00f3n, la acreditaci\u00f3n de estas carreras es un logro relevante,\u2026","rel":"","context":"En \u00abNoticias\u00bb","block_context":{"text":"Noticias","link":"https:\/\/soy.usac.edu.gt\/?cat=29"},"img":{"alt_text":"","src":"https:\/\/i0.wp.com\/soy.usac.edu.gt\/wp-content\/uploads\/2019\/02\/acreditaci%C3%B3n-arq..jpg?resize=350%2C200&ssl=1","width":350,"height":200,"srcset":"https:\/\/i0.wp.com\/soy.usac.edu.gt\/wp-content\/uploads\/2019\/02\/acreditaci%C3%B3n-arq..jpg?resize=350%2C200&ssl=1 1x, https:\/\/i0.wp.com\/soy.usac.edu.gt\/wp-content\/uploads\/2019\/02\/acreditaci%C3%B3n-arq..jpg?resize=525%2C300&ssl=1 1.5x, https:\/\/i0.wp.com\/soy.usac.edu.gt\/wp-content\/uploads\/2019\/02\/acreditaci%C3%B3n-arq..jpg?resize=700%2C400&ssl=1 2x, https:\/\/i0.wp.com\/soy.usac.edu.gt\/wp-content\/uploads\/2019\/02\/acreditaci%C3%B3n-arq..jpg?resize=1050%2C600&ssl=1 3x, https:\/\/i0.wp.com\/soy.usac.edu.gt\/wp-content\/uploads\/2019\/02\/acreditaci%C3%B3n-arq..jpg?resize=1400%2C800&ssl=1 4x"},"classes":[]},{"id":3071,"url":"https:\/\/soy.usac.edu.gt\/?p=3071","url_meta":{"origin":9464,"position":1},"title":"Qu\u00edmica farmac\u00e9utica ser\u00e1 acreditada por el SINAES","author":"Divisi\u00f3n de Publicidad","date":"9 noviembre, 2018","format":false,"excerpt":"La carrera de Qu\u00edmica Farmac\u00e9utica de la Facultad de Ciencias Qu\u00edmicas y Farmacia recibir\u00e1\u00a0el pr\u00f3ximo\u00a0mi\u00e9rcoles 14 de noviembre la certificaci\u00f3n del Sistema Nacional de Acreditaci\u00f3n de la Educaci\u00f3n Superior (SINAES), con sede en la Rep\u00fablica de Costa Rica. La acreditaci\u00f3n de carreras es un proceso evaluativo basado en est\u00e1ndares previamente\u2026","rel":"","context":"En \u00abNoticias\u00bb","block_context":{"text":"Noticias","link":"https:\/\/soy.usac.edu.gt\/?cat=29"},"img":{"alt_text":"","src":"https:\/\/i0.wp.com\/soy.usac.edu.gt\/wp-content\/uploads\/2018\/11\/LABORATORIO-CLINICO-19.jpg?resize=350%2C200&ssl=1","width":350,"height":200,"srcset":"https:\/\/i0.wp.com\/soy.usac.edu.gt\/wp-content\/uploads\/2018\/11\/LABORATORIO-CLINICO-19.jpg?resize=350%2C200&ssl=1 1x, https:\/\/i0.wp.com\/soy.usac.edu.gt\/wp-content\/uploads\/2018\/11\/LABORATORIO-CLINICO-19.jpg?resize=525%2C300&ssl=1 1.5x, https:\/\/i0.wp.com\/soy.usac.edu.gt\/wp-content\/uploads\/2018\/11\/LABORATORIO-CLINICO-19.jpg?resize=700%2C400&ssl=1 2x, https:\/\/i0.wp.com\/soy.usac.edu.gt\/wp-content\/uploads\/2018\/11\/LABORATORIO-CLINICO-19.jpg?resize=1050%2C600&ssl=1 3x, https:\/\/i0.wp.com\/soy.usac.edu.gt\/wp-content\/uploads\/2018\/11\/LABORATORIO-CLINICO-19.jpg?resize=1400%2C800&ssl=1 4x"},"classes":[]},{"id":7444,"url":"https:\/\/soy.usac.edu.gt\/?p=7444","url_meta":{"origin":9464,"position":2},"title":"Anabela C\u00f3rdova, primera mujer que asume la decanatura de\u00a0 Ingenier\u00eda","author":"Erick Iv\u00e1n de Le\u00f3n","date":"15 julio, 2019","format":false,"excerpt":"El Consejo Superior Universitario jurament\u00f3 a la ingeniera Aurelia Anabela C\u00f3rdova Estrada para ejercer el cargo de decana de la Facultad de Ingenier\u00eda, per\u00edodo 2019-2023.","rel":"","context":"En \u00abNoticias\u00bb","block_context":{"text":"Noticias","link":"https:\/\/soy.usac.edu.gt\/?cat=29"},"img":{"alt_text":"","src":"https:\/\/i0.wp.com\/soy.usac.edu.gt\/wp-content\/uploads\/2019\/07\/JURAMENTACI%C3%93N-ING.-1.jpg?resize=350%2C200&ssl=1","width":350,"height":200,"srcset":"https:\/\/i0.wp.com\/soy.usac.edu.gt\/wp-content\/uploads\/2019\/07\/JURAMENTACI%C3%93N-ING.-1.jpg?resize=350%2C200&ssl=1 1x, https:\/\/i0.wp.com\/soy.usac.edu.gt\/wp-content\/uploads\/2019\/07\/JURAMENTACI%C3%93N-ING.-1.jpg?resize=525%2C300&ssl=1 1.5x, https:\/\/i0.wp.com\/soy.usac.edu.gt\/wp-content\/uploads\/2019\/07\/JURAMENTACI%C3%93N-ING.-1.jpg?resize=700%2C400&ssl=1 2x, https:\/\/i0.wp.com\/soy.usac.edu.gt\/wp-content\/uploads\/2019\/07\/JURAMENTACI%C3%93N-ING.-1.jpg?resize=1050%2C600&ssl=1 3x, https:\/\/i0.wp.com\/soy.usac.edu.gt\/wp-content\/uploads\/2019\/07\/JURAMENTACI%C3%93N-ING.-1.jpg?resize=1400%2C800&ssl=1 4x"},"classes":[]},{"id":5423,"url":"https:\/\/soy.usac.edu.gt\/?p=5423","url_meta":{"origin":9464,"position":3},"title":"ACAP acredita maestr\u00edas de la Facultad de Ingenier\u00eda","author":"Erick Iv\u00e1n de Le\u00f3n","date":"2 abril, 2019","format":false,"excerpt":"La Agencia Centroamericana de Acreditaci\u00f3n de Posgrado (ACAP) entreg\u00f3 los certificados de acreditaci\u00f3n de maestr\u00edas a la Escuela Regional de Ingenier\u00eda Sanitaria y Recursos Hidr\u00e1ulicos (ERIS)","rel":"","context":"En \u00abNoticias\u00bb","block_context":{"text":"Noticias","link":"https:\/\/soy.usac.edu.gt\/?cat=29"},"img":{"alt_text":"","src":"https:\/\/i0.wp.com\/soy.usac.edu.gt\/wp-content\/uploads\/2019\/04\/IMG_9472.jpg?resize=350%2C200&ssl=1","width":350,"height":200,"srcset":"https:\/\/i0.wp.com\/soy.usac.edu.gt\/wp-content\/uploads\/2019\/04\/IMG_9472.jpg?resize=350%2C200&ssl=1 1x, https:\/\/i0.wp.com\/soy.usac.edu.gt\/wp-content\/uploads\/2019\/04\/IMG_9472.jpg?resize=525%2C300&ssl=1 1.5x, https:\/\/i0.wp.com\/soy.usac.edu.gt\/wp-content\/uploads\/2019\/04\/IMG_9472.jpg?resize=700%2C400&ssl=1 2x, https:\/\/i0.wp.com\/soy.usac.edu.gt\/wp-content\/uploads\/2019\/04\/IMG_9472.jpg?resize=1050%2C600&ssl=1 3x, https:\/\/i0.wp.com\/soy.usac.edu.gt\/wp-content\/uploads\/2019\/04\/IMG_9472.jpg?resize=1400%2C800&ssl=1 4x"},"classes":[]},{"id":5418,"url":"https:\/\/soy.usac.edu.gt\/?p=5418","url_meta":{"origin":9464,"position":4},"title":"Reacreditan a maestr\u00edas de Ingenier\u00eda","author":"Divisi\u00f3n de Publicidad","date":"1 abril, 2019","format":"video","excerpt":"Las maestr\u00eda de ingenier\u00eda sanitaria y la maestr\u00eda de recursos hidr\u00e1ulicos de la Facultad de Ingenier\u00eda fueron acreditadas por un organismo de acreditaci\u00f3n internacional.","rel":"","context":"En \u00abNoticias\u00bb","block_context":{"text":"Noticias","link":"https:\/\/soy.usac.edu.gt\/?cat=29"},"img":{"alt_text":"","src":"https:\/\/i0.wp.com\/soy.usac.edu.gt\/wp-content\/uploads\/2019\/04\/maxresdefault-2.jpg?resize=350%2C200&ssl=1","width":350,"height":200,"srcset":"https:\/\/i0.wp.com\/soy.usac.edu.gt\/wp-content\/uploads\/2019\/04\/maxresdefault-2.jpg?resize=350%2C200&ssl=1 1x, https:\/\/i0.wp.com\/soy.usac.edu.gt\/wp-content\/uploads\/2019\/04\/maxresdefault-2.jpg?resize=525%2C300&ssl=1 1.5x, https:\/\/i0.wp.com\/soy.usac.edu.gt\/wp-content\/uploads\/2019\/04\/maxresdefault-2.jpg?resize=700%2C400&ssl=1 2x, https:\/\/i0.wp.com\/soy.usac.edu.gt\/wp-content\/uploads\/2019\/04\/maxresdefault-2.jpg?resize=1050%2C600&ssl=1 3x"},"classes":[]},{"id":15164,"url":"https:\/\/soy.usac.edu.gt\/?p=15164","url_meta":{"origin":9464,"position":5},"title":"Hoy se inauguran los Congresos de Ingenier\u00eda 2021","author":"Divisi\u00f3n de Publicidad","date":"27 septiembre, 2021","format":false,"excerpt":"Se llevar\u00e1n a cabo del 27 de septiembre al 2 de octubre de manera virtual y se contar\u00e1 con la presencia de las autoridades de esta casa de estudios en el acto inaugural.","rel":"","context":"En \u00abEstudiantes\u00bb","block_context":{"text":"Estudiantes","link":"https:\/\/soy.usac.edu.gt\/?cat=585"},"img":{"alt_text":"","src":"https:\/\/i0.wp.com\/soy.usac.edu.gt\/wp-content\/uploads\/2021\/09\/IMG_7389-scaled.jpg?resize=350%2C200&ssl=1","width":350,"height":200,"srcset":"https:\/\/i0.wp.com\/soy.usac.edu.gt\/wp-content\/uploads\/2021\/09\/IMG_7389-scaled.jpg?resize=350%2C200&ssl=1 1x, https:\/\/i0.wp.com\/soy.usac.edu.gt\/wp-content\/uploads\/2021\/09\/IMG_7389-scaled.jpg?resize=525%2C300&ssl=1 1.5x, https:\/\/i0.wp.com\/soy.usac.edu.gt\/wp-content\/uploads\/2021\/09\/IMG_7389-scaled.jpg?resize=700%2C400&ssl=1 2x, https:\/\/i0.wp.com\/soy.usac.edu.gt\/wp-content\/uploads\/2021\/09\/IMG_7389-scaled.jpg?resize=1050%2C600&ssl=1 3x, https:\/\/i0.wp.com\/soy.usac.edu.gt\/wp-content\/uploads\/2021\/09\/IMG_7389-scaled.jpg?resize=1400%2C800&ssl=1 4x"},"classes":[]}],"jetpack_sharing_enabled":true,"_links":{"self":[{"href":"https:\/\/soy.usac.edu.gt\/index.php?rest_route=\/wp\/v2\/posts\/9464","targetHints":{"allow":["GET"]}}],"collection":[{"href":"https:\/\/soy.usac.edu.gt\/index.php?rest_route=\/wp\/v2\/posts"}],"about":[{"href":"https:\/\/soy.usac.edu.gt\/index.php?rest_route=\/wp\/v2\/types\/post"}],"author":[{"embeddable":true,"href":"https:\/\/soy.usac.edu.gt\/index.php?rest_route=\/wp\/v2\/users\/1"}],"replies":[{"embeddable":true,"href":"https:\/\/soy.usac.edu.gt\/index.php?rest_route=%2Fwp%2Fv2%2Fcomments&post=9464"}],"version-history":[{"count":0,"href":"https:\/\/soy.usac.edu.gt\/index.php?rest_route=\/wp\/v2\/posts\/9464\/revisions"}],"wp:featuredmedia":[{"embeddable":true,"href":"https:\/\/soy.usac.edu.gt\/index.php?rest_route=\/wp\/v2\/media\/9471"}],"wp:attachment":[{"href":"https:\/\/soy.usac.edu.gt\/index.php?rest_route=%2Fwp%2Fv2%2Fmedia&parent=9464"}],"wp:term":[{"taxonomy":"category","embeddable":true,"href":"https:\/\/soy.usac.edu.gt\/index.php?rest_route=%2Fwp%2Fv2%2Fcategories&post=9464"},{"taxonomy":"post_tag","embeddable":true,"href":"https:\/\/soy.usac.edu.gt\/index.php?rest_route=%2Fwp%2Fv2%2Ftags&post=9464"}],"curies":[{"name":"wp","href":"https:\/\/api.w.org\/{rel}","templated":true}]}}