{"id":9466,"date":"2019-10-30T07:06:42","date_gmt":"2019-10-30T13:06:42","guid":{"rendered":"https:\/\/soy.usac.edu.gt\/?p=9466"},"modified":"2019-10-31T07:07:02","modified_gmt":"2019-10-31T13:07:02","slug":"ipnusac-realiza-foro-sobre-el-sistema-nacional-de-inversion-publica","status":"publish","type":"post","link":"https:\/\/soy.usac.edu.gt\/?p=9466","title":{"rendered":"IPNUSAC realiza foro sobre el Sistema Nacional de Inversi\u00f3n P\u00fablica"},"content":{"rendered":"\n<p style=\"text-align: justify;\"><strong>El Instituto de Problemas Nacionales de la Universidad de San Carlos de Guatemala (IPNUSAC) realiz\u00f3 el foro \u201cPresupuesto 2020, una mirada al Sistema Nacional de Inversi\u00f3n P\u00fablica\u201d, con la participaci\u00f3n del Dr. Edgar Balsells, Dr. Trevor Estrada, Ing. Aldo Garc\u00eda, Ing. Joram Gil y Dr. Stewart Oakley.<\/strong><\/p>\n<p style=\"text-align: justify;\"><span style=\"font-weight: 400;\">La maestra Geidy de Mata, coordinadora del IPNUSAC, al presentar la actividad, dijo: \u201cPara el instituto es de gran importancia desarrollar este foro con un enfoque multidisciplinario, y as\u00ed establecer un di\u00e1logo en torno a la Agenda Estrat\u00e9gica 2020-2024, teniendo en cuenta que es fundamental darle seguimiento a los Acuerdos de Paz, al Plan Kat\u00fan 2032 y los Objetivos de Desarrollo Sostenible 2030\u201d.<\/span><\/p>\n<p style=\"text-align: justify;\"><span style=\"font-weight: 400;\">La maestra De Mata resalt\u00f3 que en el caso de Guatemala resulta valioso analizar la importancia de la planificaci\u00f3n y de los criterios t\u00e9cnicos para tomar las mejores decisiones e invertir en las obras p\u00fablicas que a mediano y largo plazo generen desarrollo sostenible para el Estado.<\/span><\/p>\n<p style=\"text-align: justify;\"><span style=\"font-weight: 400;\">El Dr. Edgar Balsells, investigador del \u00c1rea Socioecon\u00f3mica del IPNUSAC, indic\u00f3 que las autoridades estatales realizan la inversi\u00f3n p\u00fablica de manera fragmentada, \u201cpor lo que hay que replantear el proceso de administraci\u00f3n financiera del pa\u00eds para multiplicar los ingresos nacionales y fomentar el empleo\u201d, explic\u00f3.<\/span><\/p>\n<p style=\"text-align: justify;\"><span style=\"font-weight: 400;\">El Dr. Trevor Estrada, gerente de la oficina de Guatemala del Banco Centroamericano de Integraci\u00f3n Econ\u00f3mica (BCIE), disert\u00f3 sobre la infraestructura del istmo y su relaci\u00f3n con esta instituci\u00f3n financiera.\u00a0<\/span><\/p>\n<p style=\"text-align: justify;\"><span style=\"font-weight: 400;\">\u201cEl banco promueve el desarrollo econ\u00f3mico, el fortalecimiento social y la competitividad sostenible de los pa\u00edses asociados, observando una estrategia institucional, desde su fundaci\u00f3n, en 1960\u201d, inform\u00f3 el Dr. Estrada. A\u00f1adi\u00f3 que para invertir en proyectos debe considerarse la visi\u00f3n de los planes maestros, las estrategias pol\u00edticas del pa\u00eds y la magnitud monetaria requerida.<\/span><\/p>\n<p style=\"text-align: justify;\"><span style=\"font-weight: 400;\">Acerca del presente y el futuro de la infraestructura vial en Guatemala, el Ing. Aldo Garc\u00eda, exministro de Comunicaciones, Infraestructura y Vivienda, inform\u00f3: \u201cLa red vial ten\u00eda para el 2018 un total de 17 mil 212 kil\u00f3metros, distribuidos en caminos nacionales, departamentales, rurales y otros. De esa cantidad, 7 mil 457 kil\u00f3metros estaban pavimentados y el resto era de terracer\u00eda\u201d. Adem\u00e1s, el Ing. Garc\u00eda indic\u00f3 que entre este y el pr\u00f3ximo a\u00f1o se estar\u00e1n pavimentando 360 kil\u00f3metros de carreteras de terracer\u00eda en San Marcos, Totonicap\u00e1n, Quich\u00e9, Chimaltenango, Pet\u00e9n y otros departamentos.<\/span><\/p>\n<p style=\"text-align: justify;\"><span style=\"font-weight: 400;\">El Ing. Joram Gil y el Dr. Stewart Oakley hablaron del caso del Lago de Atitl\u00e1n y los proyectos de ingenier\u00eda sanitaria en el marco de la inversi\u00f3n estatal. Resaltaron que la infraestructura p\u00fablica se est\u00e1 realizando en \u00e1reas urbanas, no en \u00e1reas rurales, con materiales de baja calidad y resultados deficientes; entre estos, las salidas de las alcantarillas est\u00e1n en direcci\u00f3n a los r\u00edos que llegan al lago, por lo cual el agua se contamina y el \u00edndice de patolog\u00edas en las comunidades aumenta.<\/span><\/p>\n<p style=\"text-align: justify;\"><span style=\"font-weight: 400;\">El IPNUSAC recomend\u00f3 fortalecer el Sistema Nacional de Inversi\u00f3n P\u00fablica (SNIP), fomentando la realizaci\u00f3n de grandes proyectos regionales y la participaci\u00f3n conjunta de los sectores p\u00fablico y privado en el desarrollo de la infraestructura; adem\u00e1s de priorizar la inversi\u00f3n social en \u00e1reas protegidas, red vial y otros bienes que los ciudadanos necesitan para producir y generar bienestar.<\/span><\/p>\n<div id='gallery-1' class='gallery galleryid-9466 gallery-columns-3 gallery-size-thumbnail'><figure class='gallery-item'>\n\t\t\t<div class='gallery-icon landscape'>\n\t\t\t\t<a href='https:\/\/soy.usac.edu.gt\/?attachment_id=9490'><img loading=\"lazy\" decoding=\"async\" width=\"150\" height=\"150\" src=\"https:\/\/soy.usac.edu.gt\/wp-content\/uploads\/2019\/10\/IMG_3737-150x150.jpg\" class=\"attachment-thumbnail size-thumbnail\" alt=\"\" \/><\/a>\n\t\t\t<\/div><\/figure><figure class='gallery-item'>\n\t\t\t<div class='gallery-icon landscape'>\n\t\t\t\t<a href='https:\/\/soy.usac.edu.gt\/?attachment_id=9494'><img loading=\"lazy\" decoding=\"async\" width=\"150\" height=\"150\" src=\"https:\/\/soy.usac.edu.gt\/wp-content\/uploads\/2019\/10\/IMG_3772-150x150.jpg\" class=\"attachment-thumbnail size-thumbnail\" alt=\"\" aria-describedby=\"gallery-1-9494\" \/><\/a>\n\t\t\t<\/div>\n\t\t\t\t<figcaption class='wp-caption-text gallery-caption' id='gallery-1-9494'>\n\t\t\t\tIng. Joram Gil. Catedr\u00e1tico de la Facultad de Ingenier\u00eda.\n\t\t\t\t<\/figcaption><\/figure><figure class='gallery-item'>\n\t\t\t<div class='gallery-icon landscape'>\n\t\t\t\t<a href='https:\/\/soy.usac.edu.gt\/?attachment_id=9495'><img loading=\"lazy\" decoding=\"async\" width=\"150\" height=\"150\" src=\"https:\/\/soy.usac.edu.gt\/wp-content\/uploads\/2019\/10\/IMG_3783-150x150.jpg\" class=\"attachment-thumbnail size-thumbnail\" alt=\"\" aria-describedby=\"gallery-1-9495\" \/><\/a>\n\t\t\t<\/div>\n\t\t\t\t<figcaption class='wp-caption-text gallery-caption' id='gallery-1-9495'>\n\t\t\t\tDr. Stewart Oakley. Profesor de Ingenier\u00eda Sanitaria de la Universidad Estatal de California.\n\t\t\t\t<\/figcaption><\/figure><figure class='gallery-item'>\n\t\t\t<div class='gallery-icon landscape'>\n\t\t\t\t<a href='https:\/\/soy.usac.edu.gt\/?attachment_id=9492'><img loading=\"lazy\" decoding=\"async\" width=\"150\" height=\"150\" src=\"https:\/\/soy.usac.edu.gt\/wp-content\/uploads\/2019\/10\/IMG_3752-150x150.jpg\" class=\"attachment-thumbnail size-thumbnail\" alt=\"\" aria-describedby=\"gallery-1-9492\" \/><\/a>\n\t\t\t<\/div>\n\t\t\t\t<figcaption class='wp-caption-text gallery-caption' id='gallery-1-9492'>\n\t\t\t\tIng. Aldo Garc\u00eda. Exministro de Comunicaciones, Infraestructura y Vivienda.\n\t\t\t\t<\/figcaption><\/figure><figure class='gallery-item'>\n\t\t\t<div class='gallery-icon landscape'>\n\t\t\t\t<a href='https:\/\/soy.usac.edu.gt\/?attachment_id=9491'><img loading=\"lazy\" decoding=\"async\" width=\"150\" height=\"150\" src=\"https:\/\/soy.usac.edu.gt\/wp-content\/uploads\/2019\/10\/IMG_3742-150x150.jpg\" class=\"attachment-thumbnail size-thumbnail\" alt=\"\" aria-describedby=\"gallery-1-9491\" \/><\/a>\n\t\t\t<\/div>\n\t\t\t\t<figcaption class='wp-caption-text gallery-caption' id='gallery-1-9491'>\n\t\t\t\tDr. Trevor Estrada. Gerente de la oficina en Guatemala del BCIE.\n\t\t\t\t<\/figcaption><\/figure><figure class='gallery-item'>\n\t\t\t<div class='gallery-icon landscape'>\n\t\t\t\t<a href='https:\/\/soy.usac.edu.gt\/?attachment_id=9488'><img loading=\"lazy\" decoding=\"async\" width=\"150\" height=\"150\" src=\"https:\/\/soy.usac.edu.gt\/wp-content\/uploads\/2019\/10\/IMG_3715-150x150.jpg\" class=\"attachment-thumbnail size-thumbnail\" alt=\"\" aria-describedby=\"gallery-1-9488\" \/><\/a>\n\t\t\t<\/div>\n\t\t\t\t<figcaption class='wp-caption-text gallery-caption' id='gallery-1-9488'>\n\t\t\t\tMaestra Geidy de Mata. Directora del IPNUSAC.\n\t\t\t\t<\/figcaption><\/figure><figure class='gallery-item'>\n\t\t\t<div class='gallery-icon landscape'>\n\t\t\t\t<a href='https:\/\/soy.usac.edu.gt\/?attachment_id=9498'><img loading=\"lazy\" decoding=\"async\" width=\"150\" height=\"150\" src=\"https:\/\/soy.usac.edu.gt\/wp-content\/uploads\/2019\/10\/DR.-EDGAR-BALSELLS.IPNUSAC-150x150.jpg\" class=\"attachment-thumbnail size-thumbnail\" alt=\"\" aria-describedby=\"gallery-1-9498\" \/><\/a>\n\t\t\t<\/div>\n\t\t\t\t<figcaption class='wp-caption-text gallery-caption' id='gallery-1-9498'>\n\t\t\t\tDr. Edgar Balsells. Investigador del \u00c1rea Socioecon\u00f3mica del IPNUSAC.\n\t\t\t\t<\/figcaption><\/figure>\n\t\t<\/div>\n\n<p>\u00a0<\/p>\n<p><img loading=\"lazy\" decoding=\"async\" class=\"aligncenter size-full wp-image-7627\" src=\"https:\/\/soy.usac.edu.gt\/wp-content\/uploads\/2019\/07\/Cre\u0301ditos-prensa-26-5.png\" alt=\"\" width=\"5079\" height=\"1960\" srcset=\"https:\/\/soy.usac.edu.gt\/wp-content\/uploads\/2019\/07\/Cre\u0301ditos-prensa-26-5.png 5079w, https:\/\/soy.usac.edu.gt\/wp-content\/uploads\/2019\/07\/Cre\u0301ditos-prensa-26-5-300x116.png 300w, https:\/\/soy.usac.edu.gt\/wp-content\/uploads\/2019\/07\/Cre\u0301ditos-prensa-26-5-768x296.png 768w, https:\/\/soy.usac.edu.gt\/wp-content\/uploads\/2019\/07\/Cre\u0301ditos-prensa-26-5-1024x395.png 1024w, https:\/\/soy.usac.edu.gt\/wp-content\/uploads\/2019\/07\/Cre\u0301ditos-prensa-26-5-1088x420.png 1088w, https:\/\/soy.usac.edu.gt\/wp-content\/uploads\/2019\/07\/Cre\u0301ditos-prensa-26-5-640x247.png 640w, https:\/\/soy.usac.edu.gt\/wp-content\/uploads\/2019\/07\/Cre\u0301ditos-prensa-26-5-681x263.png 681w\" sizes=\"auto, (max-width: 5079px) 100vw, 5079px\" \/><\/p>\n","protected":false},"excerpt":{"rendered":"<p>El Instituto de Problemas Nacionales de la Universidad de San Carlos de Guatemala (IPNUSAC) realiz\u00f3 el foro \u201cPresupuesto 2020, una mirada al Sistema Nacional de Inversi\u00f3n P\u00fablica\u201d, con la participaci\u00f3n del Dr. Edgar Balsells, Dr. Trevor Estrada, Ing. Aldo Garc\u00eda, Ing. Joram Gil y Dr. Stewart Oakley.<\/p>\n","protected":false},"author":16,"featured_media":9489,"comment_status":"closed","ping_status":"open","sticky":false,"template":"","format":"standard","meta":{"_exactmetrics_skip_tracking":false,"_exactmetrics_sitenote_active":false,"_exactmetrics_sitenote_note":"","_exactmetrics_sitenote_category":0,"_jetpack_memberships_contains_paid_content":false,"footnotes":""},"categories":[29],"tags":[361,227],"class_list":["post-9466","post","type-post","status-publish","format-standard","has-post-thumbnail","hentry","category-noticias","tag-ipnusac","tag-presupuesto-de-la-usac"],"aioseo_notices":[],"jetpack_featured_media_url":"https:\/\/soy.usac.edu.gt\/wp-content\/uploads\/2019\/10\/IMG_3717.jpg","views":"","jetpack-related-posts":[{"id":6100,"url":"https:\/\/soy.usac.edu.gt\/?p=6100","url_meta":{"origin":9466,"position":0},"title":"Usac presenta agenda estr\u00e1tegica de pa\u00eds a Partidos Pol\u00edticos","author":"Divisi\u00f3n de Publicidad","date":"15 mayo, 2019","format":false,"excerpt":"La agenda estrat\u00e9gica 2020 -2024 elaborada por acad\u00e9micos e investigadores de la universidad fue entregada a representantes de las agrupaciones pol\u00edticas.","rel":"","context":"En \u00abNoticias\u00bb","block_context":{"text":"Noticias","link":"https:\/\/soy.usac.edu.gt\/?cat=29"},"img":{"alt_text":"","src":"https:\/\/i0.wp.com\/soy.usac.edu.gt\/wp-content\/uploads\/2019\/05\/WhatsApp-Image-2019-05-15-at-18.37.26.jpeg?resize=350%2C200&ssl=1","width":350,"height":200,"srcset":"https:\/\/i0.wp.com\/soy.usac.edu.gt\/wp-content\/uploads\/2019\/05\/WhatsApp-Image-2019-05-15-at-18.37.26.jpeg?resize=350%2C200&ssl=1 1x, https:\/\/i0.wp.com\/soy.usac.edu.gt\/wp-content\/uploads\/2019\/05\/WhatsApp-Image-2019-05-15-at-18.37.26.jpeg?resize=525%2C300&ssl=1 1.5x, https:\/\/i0.wp.com\/soy.usac.edu.gt\/wp-content\/uploads\/2019\/05\/WhatsApp-Image-2019-05-15-at-18.37.26.jpeg?resize=700%2C400&ssl=1 2x, https:\/\/i0.wp.com\/soy.usac.edu.gt\/wp-content\/uploads\/2019\/05\/WhatsApp-Image-2019-05-15-at-18.37.26.jpeg?resize=1050%2C600&ssl=1 3x"},"classes":[]},{"id":4236,"url":"https:\/\/soy.usac.edu.gt\/?p=4236","url_meta":{"origin":9466,"position":1},"title":"Acad\u00e9micos crear\u00e1n una agenda de pa\u00eds","author":"Edwin Medina","date":"25 febrero, 2019","format":false,"excerpt":"La USAC quiere trascender y construir una agenda estrat\u00e9gica nacional. En las instalaciones de la Biblioteca Central y el Instituto de Problemas Nacionales (IPNUSAC), profesionales y acad\u00e9micos destacados se reunieron para establecer mesas de trabajo en distintas \u00e1reas; el prop\u00f3sito es generar una agenda unificada que cubra los ejes esenciales\u2026","rel":"","context":"En \u00abM\u00e1s Noticias\u00bb","block_context":{"text":"M\u00e1s Noticias","link":"https:\/\/soy.usac.edu.gt\/?cat=96"},"img":{"alt_text":"","src":"https:\/\/i0.wp.com\/soy.usac.edu.gt\/wp-content\/uploads\/2019\/02\/IMG_5140.jpg?resize=350%2C200&ssl=1","width":350,"height":200,"srcset":"https:\/\/i0.wp.com\/soy.usac.edu.gt\/wp-content\/uploads\/2019\/02\/IMG_5140.jpg?resize=350%2C200&ssl=1 1x, https:\/\/i0.wp.com\/soy.usac.edu.gt\/wp-content\/uploads\/2019\/02\/IMG_5140.jpg?resize=525%2C300&ssl=1 1.5x, https:\/\/i0.wp.com\/soy.usac.edu.gt\/wp-content\/uploads\/2019\/02\/IMG_5140.jpg?resize=700%2C400&ssl=1 2x, https:\/\/i0.wp.com\/soy.usac.edu.gt\/wp-content\/uploads\/2019\/02\/IMG_5140.jpg?resize=1050%2C600&ssl=1 3x, https:\/\/i0.wp.com\/soy.usac.edu.gt\/wp-content\/uploads\/2019\/02\/IMG_5140.jpg?resize=1400%2C800&ssl=1 4x"},"classes":[]},{"id":9402,"url":"https:\/\/soy.usac.edu.gt\/?p=9402","url_meta":{"origin":9466,"position":2},"title":"USAC e IGSS realizan foro sobre protecci\u00f3n social y educaci\u00f3n superior","author":"Erick Iv\u00e1n de Le\u00f3n","date":"29 octubre, 2019","format":false,"excerpt":"La Universidad de San Carlos (USAC) y el Instituto Guatemalteco de Seguridad Social (IGSS) realizaron el foro \u201cIGSS y USAC, los grandes compensadores sociales de la naci\u00f3n\u201d.","rel":"","context":"En \u00abNoticias\u00bb","block_context":{"text":"Noticias","link":"https:\/\/soy.usac.edu.gt\/?cat=29"},"img":{"alt_text":"","src":"https:\/\/i0.wp.com\/soy.usac.edu.gt\/wp-content\/uploads\/2019\/10\/008.jpg?resize=350%2C200&ssl=1","width":350,"height":200,"srcset":"https:\/\/i0.wp.com\/soy.usac.edu.gt\/wp-content\/uploads\/2019\/10\/008.jpg?resize=350%2C200&ssl=1 1x, https:\/\/i0.wp.com\/soy.usac.edu.gt\/wp-content\/uploads\/2019\/10\/008.jpg?resize=525%2C300&ssl=1 1.5x, https:\/\/i0.wp.com\/soy.usac.edu.gt\/wp-content\/uploads\/2019\/10\/008.jpg?resize=700%2C400&ssl=1 2x, https:\/\/i0.wp.com\/soy.usac.edu.gt\/wp-content\/uploads\/2019\/10\/008.jpg?resize=1050%2C600&ssl=1 3x, https:\/\/i0.wp.com\/soy.usac.edu.gt\/wp-content\/uploads\/2019\/10\/008.jpg?resize=1400%2C800&ssl=1 4x"},"classes":[]},{"id":9457,"url":"https:\/\/soy.usac.edu.gt\/?p=9457","url_meta":{"origin":9466,"position":3},"title":"Foro sobre el an\u00e1lisis del presupuesto","author":"Divisi\u00f3n de Publicidad","date":"30 octubre, 2019","format":"video","excerpt":"La universidad llev\u00f3 a cabo un foro de an\u00e1lisis del presupuesto 2020, organizado por Ipnusac #SoyUSAC","rel":"","context":"En \u00abVideos\u00bb","block_context":{"text":"Videos","link":"https:\/\/soy.usac.edu.gt\/?cat=31"},"img":{"alt_text":"","src":"https:\/\/i0.wp.com\/soy.usac.edu.gt\/wp-content\/uploads\/2019\/10\/maxresdefault-28.jpg?resize=350%2C200&ssl=1","width":350,"height":200,"srcset":"https:\/\/i0.wp.com\/soy.usac.edu.gt\/wp-content\/uploads\/2019\/10\/maxresdefault-28.jpg?resize=350%2C200&ssl=1 1x, https:\/\/i0.wp.com\/soy.usac.edu.gt\/wp-content\/uploads\/2019\/10\/maxresdefault-28.jpg?resize=525%2C300&ssl=1 1.5x, https:\/\/i0.wp.com\/soy.usac.edu.gt\/wp-content\/uploads\/2019\/10\/maxresdefault-28.jpg?resize=700%2C400&ssl=1 2x, https:\/\/i0.wp.com\/soy.usac.edu.gt\/wp-content\/uploads\/2019\/10\/maxresdefault-28.jpg?resize=1050%2C600&ssl=1 3x"},"classes":[]},{"id":6748,"url":"https:\/\/soy.usac.edu.gt\/?p=6748","url_meta":{"origin":9466,"position":4},"title":"Observadores electorales realizan curso pr\u00e1ctico sobre procesamiento de datos","author":"Divisi\u00f3n de Publicidad","date":"13 junio, 2019","format":false,"excerpt":"Los integrantes del equipo de monitoreo del observatorio electoral realizaron una prueba del proceso de recolecci\u00f3n de datos que se llevar\u00e1 a cabo el pr\u00f3ximo domingo.","rel":"","context":"En \u00abNoticias\u00bb","block_context":{"text":"Noticias","link":"https:\/\/soy.usac.edu.gt\/?cat=29"},"img":{"alt_text":"","src":"https:\/\/i0.wp.com\/soy.usac.edu.gt\/wp-content\/uploads\/2019\/06\/20190612_143640.jpg?resize=350%2C200&ssl=1","width":350,"height":200,"srcset":"https:\/\/i0.wp.com\/soy.usac.edu.gt\/wp-content\/uploads\/2019\/06\/20190612_143640.jpg?resize=350%2C200&ssl=1 1x, https:\/\/i0.wp.com\/soy.usac.edu.gt\/wp-content\/uploads\/2019\/06\/20190612_143640.jpg?resize=525%2C300&ssl=1 1.5x, https:\/\/i0.wp.com\/soy.usac.edu.gt\/wp-content\/uploads\/2019\/06\/20190612_143640.jpg?resize=700%2C400&ssl=1 2x, https:\/\/i0.wp.com\/soy.usac.edu.gt\/wp-content\/uploads\/2019\/06\/20190612_143640.jpg?resize=1050%2C600&ssl=1 3x, https:\/\/i0.wp.com\/soy.usac.edu.gt\/wp-content\/uploads\/2019\/06\/20190612_143640.jpg?resize=1400%2C800&ssl=1 4x"},"classes":[]},{"id":17987,"url":"https:\/\/soy.usac.edu.gt\/?p=17987","url_meta":{"origin":9466,"position":5},"title":"Libro: Derechos de la Ni\u00f1ez en Centroam\u00e9rica y Rep\u00fablica Dominicana (DESCARGA)","author":"Divisi\u00f3n de Publicidad","date":"17 agosto, 2022","format":false,"excerpt":"El Instituto de Problemas Nacionales (IPNUSAC) ha publicado su primer libro, una investigaci\u00f3n llamada Derechos Derechos de la Ni\u00f1ez en Centroam\u00e9rica y Rep\u00fablica Dominicana: un acercamiento a los sistemas de protecci\u00f3n y sus pr\u00e1cticas institucionales.\u00a0","rel":"","context":"En \u00abCiencia y Tecnolog\u00eda\u00bb","block_context":{"text":"Ciencia y Tecnolog\u00eda","link":"https:\/\/soy.usac.edu.gt\/?cat=122"},"img":{"alt_text":"","src":"https:\/\/i0.wp.com\/soy.usac.edu.gt\/wp-content\/uploads\/2022\/08\/DLDvrQDUQAAZaUm.jpg?resize=350%2C200&ssl=1","width":350,"height":200,"srcset":"https:\/\/i0.wp.com\/soy.usac.edu.gt\/wp-content\/uploads\/2022\/08\/DLDvrQDUQAAZaUm.jpg?resize=350%2C200&ssl=1 1x, https:\/\/i0.wp.com\/soy.usac.edu.gt\/wp-content\/uploads\/2022\/08\/DLDvrQDUQAAZaUm.jpg?resize=525%2C300&ssl=1 1.5x, https:\/\/i0.wp.com\/soy.usac.edu.gt\/wp-content\/uploads\/2022\/08\/DLDvrQDUQAAZaUm.jpg?resize=700%2C400&ssl=1 2x"},"classes":[]}],"jetpack_sharing_enabled":true,"_links":{"self":[{"href":"https:\/\/soy.usac.edu.gt\/index.php?rest_route=\/wp\/v2\/posts\/9466","targetHints":{"allow":["GET"]}}],"collection":[{"href":"https:\/\/soy.usac.edu.gt\/index.php?rest_route=\/wp\/v2\/posts"}],"about":[{"href":"https:\/\/soy.usac.edu.gt\/index.php?rest_route=\/wp\/v2\/types\/post"}],"author":[{"embeddable":true,"href":"https:\/\/soy.usac.edu.gt\/index.php?rest_route=\/wp\/v2\/users\/16"}],"replies":[{"embeddable":true,"href":"https:\/\/soy.usac.edu.gt\/index.php?rest_route=%2Fwp%2Fv2%2Fcomments&post=9466"}],"version-history":[{"count":0,"href":"https:\/\/soy.usac.edu.gt\/index.php?rest_route=\/wp\/v2\/posts\/9466\/revisions"}],"wp:featuredmedia":[{"embeddable":true,"href":"https:\/\/soy.usac.edu.gt\/index.php?rest_route=\/wp\/v2\/media\/9489"}],"wp:attachment":[{"href":"https:\/\/soy.usac.edu.gt\/index.php?rest_route=%2Fwp%2Fv2%2Fmedia&parent=9466"}],"wp:term":[{"taxonomy":"category","embeddable":true,"href":"https:\/\/soy.usac.edu.gt\/index.php?rest_route=%2Fwp%2Fv2%2Fcategories&post=9466"},{"taxonomy":"post_tag","embeddable":true,"href":"https:\/\/soy.usac.edu.gt\/index.php?rest_route=%2Fwp%2Fv2%2Ftags&post=9466"}],"curies":[{"name":"wp","href":"https:\/\/api.w.org\/{rel}","templated":true}]}}