{"id":9501,"date":"2019-10-31T12:57:46","date_gmt":"2019-10-31T18:57:46","guid":{"rendered":"https:\/\/soy.usac.edu.gt\/?p=9501"},"modified":"2019-10-31T12:57:47","modified_gmt":"2019-10-31T18:57:47","slug":"capacitan-a-trabajadores-para-mejorar-la-atencion-a-estudiantes","status":"publish","type":"post","link":"https:\/\/soy.usac.edu.gt\/?p=9501","title":{"rendered":"Capacitan a trabajadores para mejorar la atenci\u00f3n a estudiantes"},"content":{"rendered":"\n<h4 style=\"text-align: justify;\"><strong><i>Trabajadores administrativos recibieron una capacitaci\u00f3n para mejorar la atenci\u00f3n de orientaci\u00f3n a los usuarios.<\/i><\/strong><\/h4>\n<p style=\"text-align: justify;\"><span style=\"font-weight: 400;\">La Unidad de Inducci\u00f3n y Desarrollo de la Divisi\u00f3n de Recursos Humanos, en colaboraci\u00f3n con la Escuela de Ciencias Psicol\u00f3gicas, llev\u00f3 a cabo una capacitaci\u00f3n para\u00a0mejorar la atenci\u00f3n de orientaci\u00f3n a las personas que requieren los servicios de la universidad; en su mayor\u00eda, estudiantes.\u00a0<\/span><\/p>\n<p style=\"text-align: justify;\"><span style=\"font-weight: 400;\">Brenda Gramajo, coordinadora de la Unidad de Inducci\u00f3n y Desarrollo, explic\u00f3 que el evento se llev\u00f3 a cabo para lograr la excelencia del servicio, \u201catendemos a miles de estudiantes; en consecuencia, el Rector, Ing. Murphy Paiz, solicit\u00f3 la capacitaci\u00f3n a nuestro personal administrativo para brindar una mejor atenci\u00f3n\u201d.\u00a0<\/span><\/p>\n<p style=\"text-align: justify;\"><span style=\"font-weight: 400;\">\u201cLa escuela aport\u00f3 a tres profesores y un egresado con amplia experiencia en atenci\u00f3n al usuario: Lic. Fernando Letona, Licda. Maritza Ochoa, maestra Carla Vela y la docente Gabriela \u00c1lvarez\u201d, explic\u00f3 \u00a0Mynor Lemus, director de la Escuela de Ciencias Psicol\u00f3gicas.\u00a0<\/span><\/p>\n<div id='gallery-1' class='gallery galleryid-9501 gallery-columns-3 gallery-size-thumbnail'><figure class='gallery-item'>\n\t\t\t<div class='gallery-icon landscape'>\n\t\t\t\t<a href='https:\/\/soy.usac.edu.gt\/?attachment_id=9513'><img loading=\"lazy\" decoding=\"async\" width=\"150\" height=\"150\" src=\"https:\/\/soy.usac.edu.gt\/wp-content\/uploads\/2019\/10\/fullsizeoutput_1d5-150x150.jpeg\" class=\"attachment-thumbnail size-thumbnail\" alt=\"\" \/><\/a>\n\t\t\t<\/div><\/figure><figure class='gallery-item'>\n\t\t\t<div class='gallery-icon landscape'>\n\t\t\t\t<a href='https:\/\/soy.usac.edu.gt\/?attachment_id=9512'><img loading=\"lazy\" decoding=\"async\" width=\"150\" height=\"150\" src=\"https:\/\/soy.usac.edu.gt\/wp-content\/uploads\/2019\/10\/fullsizeoutput_1a3-150x150.jpeg\" class=\"attachment-thumbnail size-thumbnail\" alt=\"\" \/><\/a>\n\t\t\t<\/div><\/figure><figure class='gallery-item'>\n\t\t\t<div class='gallery-icon landscape'>\n\t\t\t\t<a href='https:\/\/soy.usac.edu.gt\/?attachment_id=9511'><img loading=\"lazy\" decoding=\"async\" width=\"150\" height=\"150\" src=\"https:\/\/soy.usac.edu.gt\/wp-content\/uploads\/2019\/10\/fullsizeoutput_1a7-150x150.jpeg\" class=\"attachment-thumbnail size-thumbnail\" alt=\"\" \/><\/a>\n\t\t\t<\/div><\/figure><figure class='gallery-item'>\n\t\t\t<div class='gallery-icon landscape'>\n\t\t\t\t<a href='https:\/\/soy.usac.edu.gt\/?attachment_id=9510'><img loading=\"lazy\" decoding=\"async\" width=\"150\" height=\"150\" src=\"https:\/\/soy.usac.edu.gt\/wp-content\/uploads\/2019\/10\/10-7-150x150.jpg\" class=\"attachment-thumbnail size-thumbnail\" alt=\"\" \/><\/a>\n\t\t\t<\/div><\/figure><figure class='gallery-item'>\n\t\t\t<div class='gallery-icon landscape'>\n\t\t\t\t<a href='https:\/\/soy.usac.edu.gt\/?attachment_id=9509'><img loading=\"lazy\" decoding=\"async\" width=\"150\" height=\"150\" src=\"https:\/\/soy.usac.edu.gt\/wp-content\/uploads\/2019\/10\/fullsizeoutput_19c-150x150.jpeg\" class=\"attachment-thumbnail size-thumbnail\" alt=\"\" \/><\/a>\n\t\t\t<\/div><\/figure><figure class='gallery-item'>\n\t\t\t<div class='gallery-icon landscape'>\n\t\t\t\t<a href='https:\/\/soy.usac.edu.gt\/?attachment_id=9508'><img loading=\"lazy\" decoding=\"async\" width=\"150\" height=\"150\" src=\"https:\/\/soy.usac.edu.gt\/wp-content\/uploads\/2019\/10\/6-8-150x150.jpg\" class=\"attachment-thumbnail size-thumbnail\" alt=\"\" \/><\/a>\n\t\t\t<\/div><\/figure><figure class='gallery-item'>\n\t\t\t<div class='gallery-icon landscape'>\n\t\t\t\t<a href='https:\/\/soy.usac.edu.gt\/?attachment_id=9506'><img loading=\"lazy\" decoding=\"async\" width=\"150\" height=\"150\" src=\"https:\/\/soy.usac.edu.gt\/wp-content\/uploads\/2019\/10\/4-10-150x150.jpg\" class=\"attachment-thumbnail size-thumbnail\" alt=\"\" \/><\/a>\n\t\t\t<\/div><\/figure><figure class='gallery-item'>\n\t\t\t<div class='gallery-icon landscape'>\n\t\t\t\t<a href='https:\/\/soy.usac.edu.gt\/?attachment_id=9505'><img loading=\"lazy\" decoding=\"async\" width=\"150\" height=\"150\" src=\"https:\/\/soy.usac.edu.gt\/wp-content\/uploads\/2019\/10\/3-9-150x150.jpg\" class=\"attachment-thumbnail size-thumbnail\" alt=\"\" aria-describedby=\"gallery-1-9505\" \/><\/a>\n\t\t\t<\/div>\n\t\t\t\t<figcaption class='wp-caption-text gallery-caption' id='gallery-1-9505'>\n\t\t\t\tFotograf\u00edas de Edson Lozano\n\t\t\t\t<\/figcaption><\/figure><figure class='gallery-item'>\n\t\t\t<div class='gallery-icon landscape'>\n\t\t\t\t<a href='https:\/\/soy.usac.edu.gt\/?attachment_id=9504'><img loading=\"lazy\" decoding=\"async\" width=\"150\" height=\"150\" src=\"https:\/\/soy.usac.edu.gt\/wp-content\/uploads\/2019\/10\/2-12-150x150.jpg\" class=\"attachment-thumbnail size-thumbnail\" alt=\"\" \/><\/a>\n\t\t\t<\/div><\/figure><figure class='gallery-item'>\n\t\t\t<div class='gallery-icon landscape'>\n\t\t\t\t<a href='https:\/\/soy.usac.edu.gt\/?attachment_id=9503'><img loading=\"lazy\" decoding=\"async\" width=\"150\" height=\"150\" src=\"https:\/\/soy.usac.edu.gt\/wp-content\/uploads\/2019\/10\/fullsizeoutput_196-150x150.jpeg\" class=\"attachment-thumbnail size-thumbnail\" alt=\"\" \/><\/a>\n\t\t\t<\/div><\/figure>\n\t\t<\/div>\n\n<p style=\"text-align: justify;\"><span style=\"font-weight: 400;\">En total, se capacit\u00f3 a 60 trabajadores provenientes de Administraci\u00f3n Central, unidades acad\u00e9micas y administrativas.\u00a0Secretarias, personal de oficina y de atenci\u00f3n directa recibieron talleres sobre atenci\u00f3n y orientaci\u00f3n, con el fin de mejorar los servicios.<\/span><\/p>\n<p style=\"text-align: justify;\"><span style=\"font-weight: 400;\">Estas capacitaciones fueron avaladas por la Escuela de Ciencias Psicol\u00f3gicas. Las capacitaciones empezaron el 10 de\u00a0 octubre, una vez por semana durante un mes. Entre los temas abordados est\u00e1 el legado del trabajo, inteligencia emocional, diferentes tipos psicol\u00f3gicos del usuario, atenci\u00f3n a personas con discapacidad, aspectos psicol\u00f3gicos e imagen para la mejor atenci\u00f3n al usuario.\u00a0<\/span><\/p>\n<blockquote class=\"td_quote_box td_box_center\">\n<h5><img loading=\"lazy\" decoding=\"async\" class=\"wp-image-9514 size-medium alignleft\" src=\"https:\/\/soy.usac.edu.gt\/wp-content\/uploads\/2019\/10\/fullsizeoutput_19a-1-300x200.jpeg\" alt=\"\" width=\"300\" height=\"200\" srcset=\"https:\/\/soy.usac.edu.gt\/wp-content\/uploads\/2019\/10\/fullsizeoutput_19a-1-300x200.jpeg 300w, https:\/\/soy.usac.edu.gt\/wp-content\/uploads\/2019\/10\/fullsizeoutput_19a-1-768x512.jpeg 768w, https:\/\/soy.usac.edu.gt\/wp-content\/uploads\/2019\/10\/fullsizeoutput_19a-1-1024x683.jpeg 1024w, https:\/\/soy.usac.edu.gt\/wp-content\/uploads\/2019\/10\/fullsizeoutput_19a-1-630x420.jpeg 630w, https:\/\/soy.usac.edu.gt\/wp-content\/uploads\/2019\/10\/fullsizeoutput_19a-1-537x360.jpeg 537w, https:\/\/soy.usac.edu.gt\/wp-content\/uploads\/2019\/10\/fullsizeoutput_19a-1-640x427.jpeg 640w, https:\/\/soy.usac.edu.gt\/wp-content\/uploads\/2019\/10\/fullsizeoutput_19a-1-681x454.jpeg 681w\" sizes=\"auto, (max-width: 300px) 100vw, 300px\" \/><\/h5>\n<h5 style=\"text-align: justify;\"><b>Atenci\u00f3n a personas con discapacidad<\/b><\/h5>\n<h5 style=\"text-align: justify;\"><span style=\"font-weight: 400;\">Gabriela \u00c1lvarez, docente de Psicolog\u00eda, brind\u00f3 un taller sobre atenci\u00f3n a las personas con discapacidad;\u00a0 entre los temas abordados, convers\u00f3 sobre la actualizaci\u00f3n de la terminolog\u00eda en discapacidad. Evidenci\u00f3 las barreras que tienen las personas con discapacidad, para que puedan desarrollarse plenamente, y brind\u00f3 estrategias de atenci\u00f3n a personas con distintas discapacidades.<\/span><\/h5>\n<\/blockquote>\n<p>\u00a0<\/p>\n<p><img loading=\"lazy\" decoding=\"async\" class=\"aligncenter size-full wp-image-8074\" src=\"https:\/\/soy.usac.edu.gt\/wp-content\/uploads\/2019\/09\/Cr\u00e9ditos-prensa-06.png\" alt=\"\" width=\"5079\" height=\"1960\" srcset=\"https:\/\/soy.usac.edu.gt\/wp-content\/uploads\/2019\/09\/Cr\u00e9ditos-prensa-06.png 5079w, https:\/\/soy.usac.edu.gt\/wp-content\/uploads\/2019\/09\/Cr\u00e9ditos-prensa-06-300x116.png 300w, https:\/\/soy.usac.edu.gt\/wp-content\/uploads\/2019\/09\/Cr\u00e9ditos-prensa-06-768x296.png 768w, https:\/\/soy.usac.edu.gt\/wp-content\/uploads\/2019\/09\/Cr\u00e9ditos-prensa-06-1024x395.png 1024w, https:\/\/soy.usac.edu.gt\/wp-content\/uploads\/2019\/09\/Cr\u00e9ditos-prensa-06-1088x420.png 1088w, https:\/\/soy.usac.edu.gt\/wp-content\/uploads\/2019\/09\/Cr\u00e9ditos-prensa-06-640x247.png 640w, https:\/\/soy.usac.edu.gt\/wp-content\/uploads\/2019\/09\/Cr\u00e9ditos-prensa-06-681x263.png 681w\" sizes=\"auto, (max-width: 5079px) 100vw, 5079px\" \/><\/p>\n","protected":false},"excerpt":{"rendered":"<p>Trabajadores administrativos recibieron una capacitaci\u00f3n para mejorar la atenci\u00f3n de orientaci\u00f3n a los usuarios.<\/p>\n","protected":false},"author":1,"featured_media":9505,"comment_status":"closed","ping_status":"open","sticky":false,"template":"","format":"standard","meta":{"_exactmetrics_skip_tracking":false,"_exactmetrics_sitenote_active":false,"_exactmetrics_sitenote_note":"","_exactmetrics_sitenote_category":0,"_jetpack_memberships_contains_paid_content":false,"footnotes":""},"categories":[29],"tags":[580,329,581],"class_list":["post-9501","post","type-post","status-publish","format-standard","has-post-thumbnail","hentry","category-noticias","tag-division-de-recursos-humanos","tag-rector-ing-murphy-paiz","tag-unidad-de-inducccion-y-desarrollo"],"aioseo_notices":[],"jetpack_featured_media_url":"https:\/\/soy.usac.edu.gt\/wp-content\/uploads\/2019\/10\/3-9.jpg","views":"","jetpack-related-posts":[{"id":19908,"url":"https:\/\/soy.usac.edu.gt\/?p=19908","url_meta":{"origin":9501,"position":0},"title":"Capacitan al personal sancarlista","author":"Divisi\u00f3n de Publicidad","date":"13 febrero, 2024","format":false,"excerpt":"La Direcci\u00f3n General de Docencia y la Divisi\u00f3n de Administraci\u00f3n de Recursos Humanos organizaron la actividad \"La nueva presencialidad en el entorno laboral\" con el fin de incentivar la convivencia entre los trabajadores e impartir conocimientos de utilidad para la vida laboral. Fotos: Edson Lozano La M. A. Brenda Marroqu\u00edn,\u2026","rel":"","context":"En \u00abNoticias\u00bb","block_context":{"text":"Noticias","link":"https:\/\/soy.usac.edu.gt\/?cat=29"},"img":{"alt_text":"","src":"https:\/\/i0.wp.com\/soy.usac.edu.gt\/wp-content\/uploads\/2024\/02\/5.jpg?resize=350%2C200&ssl=1","width":350,"height":200,"srcset":"https:\/\/i0.wp.com\/soy.usac.edu.gt\/wp-content\/uploads\/2024\/02\/5.jpg?resize=350%2C200&ssl=1 1x, https:\/\/i0.wp.com\/soy.usac.edu.gt\/wp-content\/uploads\/2024\/02\/5.jpg?resize=525%2C300&ssl=1 1.5x, https:\/\/i0.wp.com\/soy.usac.edu.gt\/wp-content\/uploads\/2024\/02\/5.jpg?resize=700%2C400&ssl=1 2x, https:\/\/i0.wp.com\/soy.usac.edu.gt\/wp-content\/uploads\/2024\/02\/5.jpg?resize=1050%2C600&ssl=1 3x, https:\/\/i0.wp.com\/soy.usac.edu.gt\/wp-content\/uploads\/2024\/02\/5.jpg?resize=1400%2C800&ssl=1 4x"},"classes":[]},{"id":8302,"url":"https:\/\/soy.usac.edu.gt\/?p=8302","url_meta":{"origin":9501,"position":1},"title":"Capacitan a personal en la elaboraci\u00f3n y uso de manuales administrativos","author":"Divisi\u00f3n de Publicidad","date":"25 septiembre, 2019","format":false,"excerpt":"La Divisi\u00f3n de Desarrollo Organizacional (DDO) llev\u00f3 a cabo una capacitaci\u00f3n sobre la importancia de los manuales administrativos.","rel":"","context":"En \u00abNoticias\u00bb","block_context":{"text":"Noticias","link":"https:\/\/soy.usac.edu.gt\/?cat=29"},"img":{"alt_text":"","src":"https:\/\/i0.wp.com\/soy.usac.edu.gt\/wp-content\/uploads\/2019\/09\/DESTACADA-COPIA.jpg?resize=350%2C200&ssl=1","width":350,"height":200,"srcset":"https:\/\/i0.wp.com\/soy.usac.edu.gt\/wp-content\/uploads\/2019\/09\/DESTACADA-COPIA.jpg?resize=350%2C200&ssl=1 1x, https:\/\/i0.wp.com\/soy.usac.edu.gt\/wp-content\/uploads\/2019\/09\/DESTACADA-COPIA.jpg?resize=525%2C300&ssl=1 1.5x, https:\/\/i0.wp.com\/soy.usac.edu.gt\/wp-content\/uploads\/2019\/09\/DESTACADA-COPIA.jpg?resize=700%2C400&ssl=1 2x, https:\/\/i0.wp.com\/soy.usac.edu.gt\/wp-content\/uploads\/2019\/09\/DESTACADA-COPIA.jpg?resize=1050%2C600&ssl=1 3x, https:\/\/i0.wp.com\/soy.usac.edu.gt\/wp-content\/uploads\/2019\/09\/DESTACADA-COPIA.jpg?resize=1400%2C800&ssl=1 4x"},"classes":[]},{"id":19099,"url":"https:\/\/soy.usac.edu.gt\/?p=19099","url_meta":{"origin":9501,"position":2},"title":"Un grupo de 312 sancarlistas desarrollar\u00e1 proyectos sociales en toda la Rep\u00fablica\u00a0","author":"Divisi\u00f3n de Publicidad","date":"9 febrero, 2023","format":false,"excerpt":"Hoy se llev\u00f3 a cabo la presentaci\u00f3n oficial de la primera cohorte del Ejercicio Profesional Supervisado (EPS) y Pr\u00e1ctica Profesional Supervisada (PPS) 2023 del Ejercicio Profesional Supervisado Multidisciplinario (EPSUM).\u00a0 EPSUM est\u00e1 integrado por equipos multidisciplinarios de estudiantes, a los que se les brinda una ayuda becaria para que lleven a\u2026","rel":"","context":"En \u00abSin categor\u00eda\u00bb","block_context":{"text":"Sin categor\u00eda","link":"https:\/\/soy.usac.edu.gt\/?cat=1"},"img":{"alt_text":"","src":"https:\/\/i0.wp.com\/soy.usac.edu.gt\/wp-content\/uploads\/2021\/10\/epsum-2.jpg?resize=350%2C200&ssl=1","width":350,"height":200,"srcset":"https:\/\/i0.wp.com\/soy.usac.edu.gt\/wp-content\/uploads\/2021\/10\/epsum-2.jpg?resize=350%2C200&ssl=1 1x, https:\/\/i0.wp.com\/soy.usac.edu.gt\/wp-content\/uploads\/2021\/10\/epsum-2.jpg?resize=525%2C300&ssl=1 1.5x, https:\/\/i0.wp.com\/soy.usac.edu.gt\/wp-content\/uploads\/2021\/10\/epsum-2.jpg?resize=700%2C400&ssl=1 2x, https:\/\/i0.wp.com\/soy.usac.edu.gt\/wp-content\/uploads\/2021\/10\/epsum-2.jpg?resize=1050%2C600&ssl=1 3x"},"classes":[]},{"id":2170,"url":"https:\/\/soy.usac.edu.gt\/?p=2170","url_meta":{"origin":9501,"position":3},"title":"\u00a1Por una USAC inclusiva!","author":"Divisi\u00f3n de Publicidad","date":"11 agosto, 2018","format":false,"excerpt":"Las Pol\u00edticas de Atenci\u00f3n a las Personas con Discapacidad, en la Universidad de San Carlos de Guatemala, constituyen un marco institucional orientado a dirigir las acciones prioritarias que deben tomar las unidades acad\u00e9micas y administrativas para la inclusi\u00f3n efectiva de las personas con discapacidad en la educaci\u00f3n superior. En relaci\u00f3n\u2026","rel":"","context":"En \u00abNoticias\u00bb","block_context":{"text":"Noticias","link":"https:\/\/soy.usac.edu.gt\/?cat=29"},"img":{"alt_text":"","src":"https:\/\/i0.wp.com\/soy.usac.edu.gt\/wp-content\/uploads\/2018\/08\/foto-discapacidad.jpg?resize=350%2C200&ssl=1","width":350,"height":200,"srcset":"https:\/\/i0.wp.com\/soy.usac.edu.gt\/wp-content\/uploads\/2018\/08\/foto-discapacidad.jpg?resize=350%2C200&ssl=1 1x, https:\/\/i0.wp.com\/soy.usac.edu.gt\/wp-content\/uploads\/2018\/08\/foto-discapacidad.jpg?resize=525%2C300&ssl=1 1.5x, https:\/\/i0.wp.com\/soy.usac.edu.gt\/wp-content\/uploads\/2018\/08\/foto-discapacidad.jpg?resize=700%2C400&ssl=1 2x"},"classes":[]},{"id":7284,"url":"https:\/\/soy.usac.edu.gt\/?p=7284","url_meta":{"origin":9501,"position":4},"title":"Capacitan a personal Jur\u00eddico","author":"Edwin Medina","date":"4 julio, 2019","format":false,"excerpt":"Autoridades de la direcci\u00f3n de asuntos jur\u00eddicos de la Universidad de San Carlos de Guatemala realizaron una capacitaci\u00f3n de gesti\u00f3n y talento humano.","rel":"","context":"En \u00abNoticias\u00bb","block_context":{"text":"Noticias","link":"https:\/\/soy.usac.edu.gt\/?cat=29"},"img":{"alt_text":"","src":"https:\/\/i0.wp.com\/soy.usac.edu.gt\/wp-content\/uploads\/2019\/07\/IMG_2159.jpg?resize=350%2C200&ssl=1","width":350,"height":200,"srcset":"https:\/\/i0.wp.com\/soy.usac.edu.gt\/wp-content\/uploads\/2019\/07\/IMG_2159.jpg?resize=350%2C200&ssl=1 1x, https:\/\/i0.wp.com\/soy.usac.edu.gt\/wp-content\/uploads\/2019\/07\/IMG_2159.jpg?resize=525%2C300&ssl=1 1.5x, https:\/\/i0.wp.com\/soy.usac.edu.gt\/wp-content\/uploads\/2019\/07\/IMG_2159.jpg?resize=700%2C400&ssl=1 2x, https:\/\/i0.wp.com\/soy.usac.edu.gt\/wp-content\/uploads\/2019\/07\/IMG_2159.jpg?resize=1050%2C600&ssl=1 3x, https:\/\/i0.wp.com\/soy.usac.edu.gt\/wp-content\/uploads\/2019\/07\/IMG_2159.jpg?resize=1400%2C800&ssl=1 4x"},"classes":[]},{"id":13348,"url":"https:\/\/soy.usac.edu.gt\/?p=13348","url_meta":{"origin":9501,"position":5},"title":"USAC contra el acoso","author":"Divisi\u00f3n de Publicidad","date":"10 marzo, 2021","format":false,"excerpt":"Recientemente el Consejo Superior Universitario aprob\u00f3 el \u201cReglamento para la prevenci\u00f3n, detecci\u00f3n, atenci\u00f3n, sanci\u00f3n y erradicaci\u00f3n del acoso sexual en la Universidad de San Carlos de Guatemala\u201d, seg\u00fan el inciso 8.1.1 del Acta No. 46-2020.\u00a0","rel":"","context":"En \u00abEstudiantes\u00bb","block_context":{"text":"Estudiantes","link":"https:\/\/soy.usac.edu.gt\/?cat=585"},"img":{"alt_text":"","src":"https:\/\/i0.wp.com\/soy.usac.edu.gt\/wp-content\/uploads\/2021\/03\/pixelado-estudiantes.jpg?resize=350%2C200&ssl=1","width":350,"height":200,"srcset":"https:\/\/i0.wp.com\/soy.usac.edu.gt\/wp-content\/uploads\/2021\/03\/pixelado-estudiantes.jpg?resize=350%2C200&ssl=1 1x, https:\/\/i0.wp.com\/soy.usac.edu.gt\/wp-content\/uploads\/2021\/03\/pixelado-estudiantes.jpg?resize=525%2C300&ssl=1 1.5x, https:\/\/i0.wp.com\/soy.usac.edu.gt\/wp-content\/uploads\/2021\/03\/pixelado-estudiantes.jpg?resize=700%2C400&ssl=1 2x, https:\/\/i0.wp.com\/soy.usac.edu.gt\/wp-content\/uploads\/2021\/03\/pixelado-estudiantes.jpg?resize=1050%2C600&ssl=1 3x, https:\/\/i0.wp.com\/soy.usac.edu.gt\/wp-content\/uploads\/2021\/03\/pixelado-estudiantes.jpg?resize=1400%2C800&ssl=1 4x"},"classes":[]}],"jetpack_sharing_enabled":true,"_links":{"self":[{"href":"https:\/\/soy.usac.edu.gt\/index.php?rest_route=\/wp\/v2\/posts\/9501","targetHints":{"allow":["GET"]}}],"collection":[{"href":"https:\/\/soy.usac.edu.gt\/index.php?rest_route=\/wp\/v2\/posts"}],"about":[{"href":"https:\/\/soy.usac.edu.gt\/index.php?rest_route=\/wp\/v2\/types\/post"}],"author":[{"embeddable":true,"href":"https:\/\/soy.usac.edu.gt\/index.php?rest_route=\/wp\/v2\/users\/1"}],"replies":[{"embeddable":true,"href":"https:\/\/soy.usac.edu.gt\/index.php?rest_route=%2Fwp%2Fv2%2Fcomments&post=9501"}],"version-history":[{"count":0,"href":"https:\/\/soy.usac.edu.gt\/index.php?rest_route=\/wp\/v2\/posts\/9501\/revisions"}],"wp:featuredmedia":[{"embeddable":true,"href":"https:\/\/soy.usac.edu.gt\/index.php?rest_route=\/wp\/v2\/media\/9505"}],"wp:attachment":[{"href":"https:\/\/soy.usac.edu.gt\/index.php?rest_route=%2Fwp%2Fv2%2Fmedia&parent=9501"}],"wp:term":[{"taxonomy":"category","embeddable":true,"href":"https:\/\/soy.usac.edu.gt\/index.php?rest_route=%2Fwp%2Fv2%2Fcategories&post=9501"},{"taxonomy":"post_tag","embeddable":true,"href":"https:\/\/soy.usac.edu.gt\/index.php?rest_route=%2Fwp%2Fv2%2Ftags&post=9501"}],"curies":[{"name":"wp","href":"https:\/\/api.w.org\/{rel}","templated":true}]}}