{"id":9551,"date":"2019-11-05T08:17:38","date_gmt":"2019-11-05T14:17:38","guid":{"rendered":"https:\/\/soy.usac.edu.gt\/?p=9551"},"modified":"2019-11-06T09:53:22","modified_gmt":"2019-11-06T15:53:22","slug":"congreso-pretende-recortar-el-presupuesto-de-la-usac-para-2020-2","status":"publish","type":"post","link":"https:\/\/soy.usac.edu.gt\/?p=9551","title":{"rendered":"Congreso pretende recortar el presupuesto de la USAC para 2020"},"content":{"rendered":"\n<div id=\"meta\" class=\"style-scope ytd-watch-flexy\">\n<div id=\"meta-contents\" class=\"style-scope ytd-watch-flexy\">\n<div id=\"container\" class=\"style-scope ytd-video-secondary-info-renderer\">\n<div id=\"content\" class=\"style-scope ytd-expander\">\n<div id=\"description\" class=\"style-scope ytd-video-secondary-info-renderer\">La Comisi\u00f3n de Finanzas del Congreso dictamin\u00f3 Q 184.6 millones menos a la universidad para el 2020. <a class=\"yt-simple-endpoint style-scope yt-formatted-string\" spellcheck=\"false\" href=\"http:\/\/www.youtube.com\/results?search_query=%23SoyUsac\">#SoyUsac<\/a><\/div>\n<\/div>\n<div id=\"always-shown\" class=\"style-scope ytd-metadata-row-container-renderer\">\u00a0<\/div>\n<\/div>\n<\/div>\n<\/div>\n<div id=\"ticket-shelf\" class=\"style-scope ytd-watch-flexy\">\u00a0<\/div>\n<div id=\"merch-shelf\" class=\"style-scope ytd-watch-flexy\"><img loading=\"lazy\" decoding=\"async\" class=\"aligncenter size-full wp-image-7288\" src=\"https:\/\/soy.usac.edu.gt\/wp-content\/uploads\/2019\/07\/Cr\u00e9ditos-prensa-16.png\" alt=\"\" width=\"5079\" height=\"1960\" srcset=\"https:\/\/soy.usac.edu.gt\/wp-content\/uploads\/2019\/07\/Cr\u00e9ditos-prensa-16.png 5079w, https:\/\/soy.usac.edu.gt\/wp-content\/uploads\/2019\/07\/Cr\u00e9ditos-prensa-16-300x116.png 300w, https:\/\/soy.usac.edu.gt\/wp-content\/uploads\/2019\/07\/Cr\u00e9ditos-prensa-16-768x296.png 768w, https:\/\/soy.usac.edu.gt\/wp-content\/uploads\/2019\/07\/Cr\u00e9ditos-prensa-16-1024x395.png 1024w, https:\/\/soy.usac.edu.gt\/wp-content\/uploads\/2019\/07\/Cr\u00e9ditos-prensa-16-1088x420.png 1088w, https:\/\/soy.usac.edu.gt\/wp-content\/uploads\/2019\/07\/Cr\u00e9ditos-prensa-16-640x247.png 640w, https:\/\/soy.usac.edu.gt\/wp-content\/uploads\/2019\/07\/Cr\u00e9ditos-prensa-16-681x263.png 681w\" sizes=\"auto, (max-width: 5079px) 100vw, 5079px\" \/><\/div>\n<div id=\"header\" class=\"style-scope ytd-item-section-renderer\">\n<div id=\"title\" class=\"style-scope ytd-comments-header-renderer\">\u00a0<\/div>\n<\/div>\n","protected":false},"excerpt":{"rendered":"<p>La Comisi\u00f3n de Finanzas del Congreso dictamin\u00f3 Q 184.6 millones menos a la universidad para el 2020. #SoyUsac<\/p>\n","protected":false},"author":14,"featured_media":9577,"comment_status":"closed","ping_status":"open","sticky":false,"template":"","format":"video","meta":{"_exactmetrics_skip_tracking":false,"_exactmetrics_sitenote_active":false,"_exactmetrics_sitenote_note":"","_exactmetrics_sitenote_category":0,"_jetpack_memberships_contains_paid_content":false,"footnotes":""},"categories":[31],"tags":[],"class_list":["post-9551","post","type-post","status-publish","format-video","has-post-thumbnail","hentry","category-videos","post_format-post-format-video"],"aioseo_notices":[],"jetpack_featured_media_url":"https:\/\/soy.usac.edu.gt\/wp-content\/uploads\/2019\/11\/hqdefault-3.jpg","views":"","jetpack-related-posts":[{"id":9532,"url":"https:\/\/soy.usac.edu.gt\/?p=9532","url_meta":{"origin":9551,"position":0},"title":"Congreso pretende recortar el presupuesto de la USAC para 2020","author":"Divisi\u00f3n de Publicidad","date":"4 noviembre, 2019","format":false,"excerpt":"La Comisi\u00f3n de Finanzas del Congreso dictamin\u00f3 Q 184.6 millones menos a la universidad para el 2020.\u00a0","rel":"","context":"En \u00abNoticias\u00bb","block_context":{"text":"Noticias","link":"https:\/\/soy.usac.edu.gt\/?cat=29"},"img":{"alt_text":"","src":"https:\/\/i0.wp.com\/soy.usac.edu.gt\/wp-content\/uploads\/2019\/11\/3.jpg?resize=350%2C200&ssl=1","width":350,"height":200,"srcset":"https:\/\/i0.wp.com\/soy.usac.edu.gt\/wp-content\/uploads\/2019\/11\/3.jpg?resize=350%2C200&ssl=1 1x, https:\/\/i0.wp.com\/soy.usac.edu.gt\/wp-content\/uploads\/2019\/11\/3.jpg?resize=525%2C300&ssl=1 1.5x, https:\/\/i0.wp.com\/soy.usac.edu.gt\/wp-content\/uploads\/2019\/11\/3.jpg?resize=700%2C400&ssl=1 2x, https:\/\/i0.wp.com\/soy.usac.edu.gt\/wp-content\/uploads\/2019\/11\/3.jpg?resize=1050%2C600&ssl=1 3x, https:\/\/i0.wp.com\/soy.usac.edu.gt\/wp-content\/uploads\/2019\/11\/3.jpg?resize=1400%2C800&ssl=1 4x"},"classes":[]},{"id":9630,"url":"https:\/\/soy.usac.edu.gt\/?p=9630","url_meta":{"origin":9551,"position":1},"title":"USAC vuelve a afrontar crisis financiera por falta de presupuesto","author":"Divisi\u00f3n de Publicidad","date":"11 noviembre, 2019","format":false,"excerpt":"La Universidad necesita 227. 4 millones para terminar el a\u00f1o fiscal 2019, mientras afronta una reducci\u00f3n de Q 184.6 millones menos para su presupuesto de 2020.\u00a0","rel":"","context":"En \u00abNoticias\u00bb","block_context":{"text":"Noticias","link":"https:\/\/soy.usac.edu.gt\/?cat=29"},"img":{"alt_text":"","src":"https:\/\/i0.wp.com\/soy.usac.edu.gt\/wp-content\/uploads\/2019\/11\/IMG-0261.jpg?resize=350%2C200&ssl=1","width":350,"height":200,"srcset":"https:\/\/i0.wp.com\/soy.usac.edu.gt\/wp-content\/uploads\/2019\/11\/IMG-0261.jpg?resize=350%2C200&ssl=1 1x, https:\/\/i0.wp.com\/soy.usac.edu.gt\/wp-content\/uploads\/2019\/11\/IMG-0261.jpg?resize=525%2C300&ssl=1 1.5x, https:\/\/i0.wp.com\/soy.usac.edu.gt\/wp-content\/uploads\/2019\/11\/IMG-0261.jpg?resize=700%2C400&ssl=1 2x, https:\/\/i0.wp.com\/soy.usac.edu.gt\/wp-content\/uploads\/2019\/11\/IMG-0261.jpg?resize=1050%2C600&ssl=1 3x, https:\/\/i0.wp.com\/soy.usac.edu.gt\/wp-content\/uploads\/2019\/11\/IMG-0261.jpg?resize=1400%2C800&ssl=1 4x"},"classes":[]},{"id":9546,"url":"https:\/\/soy.usac.edu.gt\/?p=9546","url_meta":{"origin":9551,"position":2},"title":"CSU se pronuncia contra la reducci\u00f3n del presupuesto 2020 de la universidad","author":"Divisi\u00f3n de Publicidad","date":"4 noviembre, 2019","format":false,"excerpt":"El Consejo Superior Universitario en relaci\u00f3n con el Dictamen de la Comisi\u00f3n de Finanzas P\u00fablicas y Moneda del Congreso de la Rep\u00fablica de Guatemala sobre el proyecto de presupuesto general de ingresos y egresos del estado 2020","rel":"","context":"En \u00abOpini\u00f3n\u00bb","block_context":{"text":"Opini\u00f3n","link":"https:\/\/soy.usac.edu.gt\/?cat=125"},"img":{"alt_text":"","src":"","width":0,"height":0},"classes":[]},{"id":9627,"url":"https:\/\/soy.usac.edu.gt\/?p=9627","url_meta":{"origin":9551,"position":3},"title":"Centros Universitarios solicitan 227.4 millones para concluir 2019","author":"Divisi\u00f3n de Publicidad","date":"11 noviembre, 2019","format":false,"excerpt":"Ante la situaci\u00f3n financiera y su impacto en los programas de educaci\u00f3n superior p\u00fablica de las Escuelas no Facultativas y los Centros Universitarios de los 22 departamentos de la Rep\u00fablica de Guatemala","rel":"","context":"En \u00abNoticias\u00bb","block_context":{"text":"Noticias","link":"https:\/\/soy.usac.edu.gt\/?cat=29"},"img":{"alt_text":"","src":"","width":0,"height":0},"classes":[]},{"id":9219,"url":"https:\/\/soy.usac.edu.gt\/?p=9219","url_meta":{"origin":9551,"position":4},"title":"USAC entrega al Congreso solicitud formal de presupuesto 2020","author":"Divisi\u00f3n de Publicidad","date":"25 octubre, 2019","format":false,"excerpt":"3 mil millones de quetzales necesita la universidad para cumplir con sus funciones el pr\u00f3ximo a\u00f1o.\u00a0","rel":"","context":"En \u00abNoticias\u00bb","block_context":{"text":"Noticias","link":"https:\/\/soy.usac.edu.gt\/?cat=29"},"img":{"alt_text":"","src":"https:\/\/i0.wp.com\/soy.usac.edu.gt\/wp-content\/uploads\/2019\/10\/comisi%C3%B3n-de-finanzas.jpg?resize=350%2C200&ssl=1","width":350,"height":200,"srcset":"https:\/\/i0.wp.com\/soy.usac.edu.gt\/wp-content\/uploads\/2019\/10\/comisi%C3%B3n-de-finanzas.jpg?resize=350%2C200&ssl=1 1x, https:\/\/i0.wp.com\/soy.usac.edu.gt\/wp-content\/uploads\/2019\/10\/comisi%C3%B3n-de-finanzas.jpg?resize=525%2C300&ssl=1 1.5x, https:\/\/i0.wp.com\/soy.usac.edu.gt\/wp-content\/uploads\/2019\/10\/comisi%C3%B3n-de-finanzas.jpg?resize=700%2C400&ssl=1 2x"},"classes":[]},{"id":2922,"url":"https:\/\/soy.usac.edu.gt\/?p=2922","url_meta":{"origin":9551,"position":5},"title":"Solicitan firmas para un presupuesto digno","author":"Edwin Medina","date":"5 noviembre, 2018","format":false,"excerpt":"Una iniciativa, a trav\u00e9s de internet, demanda al Congreso de la Rep\u00fablica\u00a0 un presupuesto digno para la educaci\u00f3n superior p\u00fablica del pa\u00eds. Indignaci\u00f3n y rechazo en diversos sectores ha generado la noticia del pasado martes 30 de octubre, cuando la Comisi\u00f3n de Finanzas y Moneda (CFPM) del Legislativo present\u00f3 un\u2026","rel":"","context":"En \u00abNoticias\u00bb","block_context":{"text":"Noticias","link":"https:\/\/soy.usac.edu.gt\/?cat=29"},"img":{"alt_text":"","src":"https:\/\/i0.wp.com\/soy.usac.edu.gt\/wp-content\/uploads\/2018\/11\/PROTESTA-USAC1.jpg?resize=350%2C200&ssl=1","width":350,"height":200,"srcset":"https:\/\/i0.wp.com\/soy.usac.edu.gt\/wp-content\/uploads\/2018\/11\/PROTESTA-USAC1.jpg?resize=350%2C200&ssl=1 1x, https:\/\/i0.wp.com\/soy.usac.edu.gt\/wp-content\/uploads\/2018\/11\/PROTESTA-USAC1.jpg?resize=525%2C300&ssl=1 1.5x, https:\/\/i0.wp.com\/soy.usac.edu.gt\/wp-content\/uploads\/2018\/11\/PROTESTA-USAC1.jpg?resize=700%2C400&ssl=1 2x, https:\/\/i0.wp.com\/soy.usac.edu.gt\/wp-content\/uploads\/2018\/11\/PROTESTA-USAC1.jpg?resize=1050%2C600&ssl=1 3x, https:\/\/i0.wp.com\/soy.usac.edu.gt\/wp-content\/uploads\/2018\/11\/PROTESTA-USAC1.jpg?resize=1400%2C800&ssl=1 4x"},"classes":[]}],"jetpack_sharing_enabled":true,"_links":{"self":[{"href":"https:\/\/soy.usac.edu.gt\/index.php?rest_route=\/wp\/v2\/posts\/9551","targetHints":{"allow":["GET"]}}],"collection":[{"href":"https:\/\/soy.usac.edu.gt\/index.php?rest_route=\/wp\/v2\/posts"}],"about":[{"href":"https:\/\/soy.usac.edu.gt\/index.php?rest_route=\/wp\/v2\/types\/post"}],"author":[{"embeddable":true,"href":"https:\/\/soy.usac.edu.gt\/index.php?rest_route=\/wp\/v2\/users\/14"}],"replies":[{"embeddable":true,"href":"https:\/\/soy.usac.edu.gt\/index.php?rest_route=%2Fwp%2Fv2%2Fcomments&post=9551"}],"version-history":[{"count":0,"href":"https:\/\/soy.usac.edu.gt\/index.php?rest_route=\/wp\/v2\/posts\/9551\/revisions"}],"wp:featuredmedia":[{"embeddable":true,"href":"https:\/\/soy.usac.edu.gt\/index.php?rest_route=\/wp\/v2\/media\/9577"}],"wp:attachment":[{"href":"https:\/\/soy.usac.edu.gt\/index.php?rest_route=%2Fwp%2Fv2%2Fmedia&parent=9551"}],"wp:term":[{"taxonomy":"category","embeddable":true,"href":"https:\/\/soy.usac.edu.gt\/index.php?rest_route=%2Fwp%2Fv2%2Fcategories&post=9551"},{"taxonomy":"post_tag","embeddable":true,"href":"https:\/\/soy.usac.edu.gt\/index.php?rest_route=%2Fwp%2Fv2%2Ftags&post=9551"}],"curies":[{"name":"wp","href":"https:\/\/api.w.org\/{rel}","templated":true}]}}