{"id":9656,"date":"2019-11-14T11:15:23","date_gmt":"2019-11-14T17:15:23","guid":{"rendered":"https:\/\/soy.usac.edu.gt\/?p=9656"},"modified":"2019-11-15T08:31:34","modified_gmt":"2019-11-15T14:31:34","slug":"estudiantes-de-quimica-cierran-ciclo-2019-con-actividad-cientifica","status":"publish","type":"post","link":"https:\/\/soy.usac.edu.gt\/?p=9656","title":{"rendered":"Estudiantes de Qu\u00edmica Biol\u00f3gica cierran ciclo 2019 con actividad cient\u00edfica"},"content":{"rendered":"\n<p style=\"text-align: justify;\"><em><strong>Los estudiantes del quinto a\u00f1o de la carrera de Qu\u00edmica Biol\u00f3gica de la Facultad de Ciencias Qu\u00edmicas y Farmacia de la Universidad de San Carlos de Guatemala (USAC) organizaron y presentaron la actividad acad\u00e9mica Expo Ciencia y Tecnolog\u00eda, por el cierre del ciclo educativo 2019. <\/strong><\/em><\/p>\n<p style=\"text-align: justify;\"><span style=\"font-weight: 400;\">\u201cEl objetivo de esta serie de conferencias y exposiciones es informar a los alumnos que est\u00e1n por empezar el Ejercicio Profesional Supervisado (EPS) acerca de las pr\u00e1cticas y las instituciones comerciales que distribuyen los productos, equipos y herramientas necesarios para la aplicaci\u00f3n de los conocimientos cient\u00edficos adquiridos en las aulas universitarias\u201d, indic\u00f3 el Lic. Jorge Rodolfo P\u00e9rez Folgar, catedr\u00e1tico del curso Administraci\u00f3n de Laboratorio.<\/span><\/p>\n<p style=\"text-align: justify;\"><span style=\"font-weight: 400;\">El maestro Pablo Oliva, decano de la referida facultad, dijo que las disertaciones y la exposici\u00f3n acercan a los futuros profesionales a las condiciones que necesitar\u00e1n para realizar las pr\u00e1cticas supervisadas y ejercer su profesi\u00f3n. \u201cEl egresado de nuestra unidad acad\u00e9mica tendr\u00e1 la responsabilidad, entre otras, de regir laboratorios cl\u00ednicos donde se realizan evaluaciones cuyos resultados sirven de fundamento a los m\u00e9dicos y otros profesionales para diagnosticar y decidir m\u00e9todos curativos y preventivos, por lo que resulta valioso brindarles informaci\u00f3n reciente sobre los equipos y sistemas de pruebas\u201d.<\/span><\/p>\n<div id='gallery-1' class='gallery galleryid-9656 gallery-columns-3 gallery-size-thumbnail'><figure class='gallery-item'>\n\t\t\t<div class='gallery-icon landscape'>\n\t\t\t\t<a href='https:\/\/soy.usac.edu.gt\/?attachment_id=9666'><img loading=\"lazy\" decoding=\"async\" width=\"150\" height=\"150\" src=\"https:\/\/soy.usac.edu.gt\/wp-content\/uploads\/2019\/11\/010-150x150.jpg\" class=\"attachment-thumbnail size-thumbnail\" alt=\"\" \/><\/a>\n\t\t\t<\/div><\/figure><figure class='gallery-item'>\n\t\t\t<div class='gallery-icon landscape'>\n\t\t\t\t<a href='https:\/\/soy.usac.edu.gt\/?attachment_id=9664'><img loading=\"lazy\" decoding=\"async\" width=\"150\" height=\"150\" src=\"https:\/\/soy.usac.edu.gt\/wp-content\/uploads\/2019\/11\/008-150x150.jpg\" class=\"attachment-thumbnail size-thumbnail\" alt=\"\" \/><\/a>\n\t\t\t<\/div><\/figure><figure class='gallery-item'>\n\t\t\t<div class='gallery-icon landscape'>\n\t\t\t\t<a href='https:\/\/soy.usac.edu.gt\/?attachment_id=9662'><img loading=\"lazy\" decoding=\"async\" width=\"150\" height=\"150\" src=\"https:\/\/soy.usac.edu.gt\/wp-content\/uploads\/2019\/11\/006-150x150.jpg\" class=\"attachment-thumbnail size-thumbnail\" alt=\"\" \/><\/a>\n\t\t\t<\/div><\/figure><figure class='gallery-item'>\n\t\t\t<div class='gallery-icon landscape'>\n\t\t\t\t<a href='https:\/\/soy.usac.edu.gt\/?attachment_id=9661'><img loading=\"lazy\" decoding=\"async\" width=\"150\" height=\"150\" src=\"https:\/\/soy.usac.edu.gt\/wp-content\/uploads\/2019\/11\/005-150x150.jpg\" class=\"attachment-thumbnail size-thumbnail\" alt=\"\" \/><\/a>\n\t\t\t<\/div><\/figure><figure class='gallery-item'>\n\t\t\t<div class='gallery-icon landscape'>\n\t\t\t\t<a href='https:\/\/soy.usac.edu.gt\/?attachment_id=9660'><img loading=\"lazy\" decoding=\"async\" width=\"150\" height=\"150\" src=\"https:\/\/soy.usac.edu.gt\/wp-content\/uploads\/2019\/11\/003-150x150.jpg\" class=\"attachment-thumbnail size-thumbnail\" alt=\"\" aria-describedby=\"gallery-1-9660\" \/><\/a>\n\t\t\t<\/div>\n\t\t\t\t<figcaption class='wp-caption-text gallery-caption' id='gallery-1-9660'>\n\t\t\t\tLic. Miguel Echeverr\u00eda, disertante y Catherin Casta\u00f1eda, estudiante.\n\t\t\t\t<\/figcaption><\/figure><figure class='gallery-item'>\n\t\t\t<div class='gallery-icon landscape'>\n\t\t\t\t<a href='https:\/\/soy.usac.edu.gt\/?attachment_id=9659'><img loading=\"lazy\" decoding=\"async\" width=\"150\" height=\"150\" src=\"https:\/\/soy.usac.edu.gt\/wp-content\/uploads\/2019\/11\/002-150x150.jpg\" class=\"attachment-thumbnail size-thumbnail\" alt=\"\" aria-describedby=\"gallery-1-9659\" \/><\/a>\n\t\t\t<\/div>\n\t\t\t\t<figcaption class='wp-caption-text gallery-caption' id='gallery-1-9659'>\n\t\t\t\tLic. Irving L\u00f3pez, disertante y Catherin Casta\u00f1eda, estudiante.\n\t\t\t\t<\/figcaption><\/figure><figure class='gallery-item'>\n\t\t\t<div class='gallery-icon landscape'>\n\t\t\t\t<a href='https:\/\/soy.usac.edu.gt\/?attachment_id=9658'><img loading=\"lazy\" decoding=\"async\" width=\"150\" height=\"150\" src=\"https:\/\/soy.usac.edu.gt\/wp-content\/uploads\/2019\/11\/001-150x150.jpg\" class=\"attachment-thumbnail size-thumbnail\" alt=\"\" aria-describedby=\"gallery-1-9658\" \/><\/a>\n\t\t\t<\/div>\n\t\t\t\t<figcaption class='wp-caption-text gallery-caption' id='gallery-1-9658'>\n\t\t\t\tLic. C\u00e9sar D\u00e1vila. Disertante y\u00a0Catherin Casta\u00f1eda, estudiante\n\t\t\t\t<\/figcaption><\/figure>\n\t\t<\/div>\n\n<p style=\"text-align: justify;\"><span style=\"font-weight: 400;\">El qu\u00edmico bi\u00f3logo C\u00e9sar D\u00e1vila disert\u00f3 sobre la programaci\u00f3n del equipo, los criterios de calibraci\u00f3n y control de calidad. \u201cLa qu\u00edmica cl\u00ednica es un sistema de cuantificaci\u00f3n que permite establecer diagn\u00f3stico, control de tratamientos, prevenci\u00f3n e investigaci\u00f3n de enfermedades\u201d, explic\u00f3 D\u00e1vila.<\/span><\/p>\n<p style=\"text-align: justify;\"><span style=\"font-weight: 400;\">El Lic. Irving L\u00f3pez desarroll\u00f3 su conferencia en torno a la biolog\u00eda molecular. \u201cLos resultados de avances recientes se est\u00e1n aplicando en la identificaci\u00f3n del origen de los alimentos para evitar fraude econ\u00f3mico y prevenir patolog\u00edas\u201d, expres\u00f3. Refiri\u00f3 que esta rama de la ciencia tambi\u00e9n est\u00e1 presente en el campo de la medicina,&nbsp; agricultura y gen\u00e9tica.<\/span><\/p>\n<p style=\"text-align: justify;\"><span style=\"font-weight: 400;\">El Lic. Miguel Echeverr\u00eda habl\u00f3 sobre la malaria: \u201cEl pa\u00eds ha realizado por a\u00f1os acciones innovadoras, cambios de paradigmas y labores integrales e interdisciplinarias para eliminar esta enfermedad\u201d. Inform\u00f3 que Guatemala inici\u00f3 en 2000, con el apoyo financiero del Fondo Mundial, la estrategia de eliminaci\u00f3n de la malaria en cinco \u00e1reas de la salud, \u201cacci\u00f3n extendida en 2016 al total de las 29 \u00e1reas del Estado\u201d.<\/span><\/p>\n<p style=\"text-align: justify;\"><span style=\"font-weight: 400;\">Las instituciones comerciales presentes en la Expo Ciencia y Tecnolog\u00eda fueron Biolab, Instituto Panamericano de Biolog\u00eda y Gen\u00e9tica Molecular (IPGENETICS), Equipos y Productos de Laboratorio (EPROLAB), entre otros.<\/span><\/p>\n<p style=\"text-align: justify;\">&nbsp;<\/p>\n<p style=\"text-align: justify;\"><img loading=\"lazy\" decoding=\"async\" class=\"aligncenter size-full wp-image-7627\" src=\"https:\/\/soy.usac.edu.gt\/wp-content\/uploads\/2019\/07\/Cre\u0301ditos-prensa-26-5.png\" alt=\"\" width=\"5079\" height=\"1960\" srcset=\"https:\/\/soy.usac.edu.gt\/wp-content\/uploads\/2019\/07\/Cre\u0301ditos-prensa-26-5.png 5079w, https:\/\/soy.usac.edu.gt\/wp-content\/uploads\/2019\/07\/Cre\u0301ditos-prensa-26-5-300x116.png 300w, https:\/\/soy.usac.edu.gt\/wp-content\/uploads\/2019\/07\/Cre\u0301ditos-prensa-26-5-768x296.png 768w, https:\/\/soy.usac.edu.gt\/wp-content\/uploads\/2019\/07\/Cre\u0301ditos-prensa-26-5-1024x395.png 1024w, https:\/\/soy.usac.edu.gt\/wp-content\/uploads\/2019\/07\/Cre\u0301ditos-prensa-26-5-1088x420.png 1088w, https:\/\/soy.usac.edu.gt\/wp-content\/uploads\/2019\/07\/Cre\u0301ditos-prensa-26-5-640x247.png 640w, https:\/\/soy.usac.edu.gt\/wp-content\/uploads\/2019\/07\/Cre\u0301ditos-prensa-26-5-681x263.png 681w\" sizes=\"auto, (max-width: 5079px) 100vw, 5079px\" \/><\/p>\n","protected":false},"excerpt":{"rendered":"<p>Los estudiantes del quinto a\u00f1o de la carrera de Qu\u00edmica Biol\u00f3gica de la Facultad de Ciencias Qu\u00edmicas y Farmacia de la Universidad de San Carlos de Guatemala (USAC) organizaron y presentaron la actividad acad\u00e9mica Expo Ciencia y Tecnolog\u00eda, por el cierre del ciclo educativo 2019.<\/p>\n","protected":false},"author":16,"featured_media":9665,"comment_status":"closed","ping_status":"open","sticky":false,"template":"","format":"standard","meta":{"_exactmetrics_skip_tracking":false,"_exactmetrics_sitenote_active":false,"_exactmetrics_sitenote_note":"","_exactmetrics_sitenote_category":0,"_jetpack_memberships_contains_paid_content":false,"footnotes":""},"categories":[585,29],"tags":[161],"class_list":["post-9656","post","type-post","status-publish","format-standard","has-post-thumbnail","hentry","category-estudiantes","category-noticias","tag-facultad-de-ciencias-quimicas-y-farmacia"],"aioseo_notices":[],"jetpack_featured_media_url":"https:\/\/soy.usac.edu.gt\/wp-content\/uploads\/2019\/11\/009.jpg","views":"","jetpack-related-posts":[{"id":3071,"url":"https:\/\/soy.usac.edu.gt\/?p=3071","url_meta":{"origin":9656,"position":0},"title":"Qu\u00edmica farmac\u00e9utica ser\u00e1 acreditada por el SINAES","author":"Divisi\u00f3n de Publicidad","date":"9 noviembre, 2018","format":false,"excerpt":"La carrera de Qu\u00edmica Farmac\u00e9utica de la Facultad de Ciencias Qu\u00edmicas y Farmacia recibir\u00e1\u00a0el pr\u00f3ximo\u00a0mi\u00e9rcoles 14 de noviembre la certificaci\u00f3n del Sistema Nacional de Acreditaci\u00f3n de la Educaci\u00f3n Superior (SINAES), con sede en la Rep\u00fablica de Costa Rica. La acreditaci\u00f3n de carreras es un proceso evaluativo basado en est\u00e1ndares previamente\u2026","rel":"","context":"En \u00abNoticias\u00bb","block_context":{"text":"Noticias","link":"https:\/\/soy.usac.edu.gt\/?cat=29"},"img":{"alt_text":"","src":"https:\/\/i0.wp.com\/soy.usac.edu.gt\/wp-content\/uploads\/2018\/11\/LABORATORIO-CLINICO-19.jpg?resize=350%2C200&ssl=1","width":350,"height":200,"srcset":"https:\/\/i0.wp.com\/soy.usac.edu.gt\/wp-content\/uploads\/2018\/11\/LABORATORIO-CLINICO-19.jpg?resize=350%2C200&ssl=1 1x, https:\/\/i0.wp.com\/soy.usac.edu.gt\/wp-content\/uploads\/2018\/11\/LABORATORIO-CLINICO-19.jpg?resize=525%2C300&ssl=1 1.5x, https:\/\/i0.wp.com\/soy.usac.edu.gt\/wp-content\/uploads\/2018\/11\/LABORATORIO-CLINICO-19.jpg?resize=700%2C400&ssl=1 2x, https:\/\/i0.wp.com\/soy.usac.edu.gt\/wp-content\/uploads\/2018\/11\/LABORATORIO-CLINICO-19.jpg?resize=1050%2C600&ssl=1 3x, https:\/\/i0.wp.com\/soy.usac.edu.gt\/wp-content\/uploads\/2018\/11\/LABORATORIO-CLINICO-19.jpg?resize=1400%2C800&ssl=1 4x"},"classes":[]},{"id":4069,"url":"https:\/\/soy.usac.edu.gt\/?p=4069","url_meta":{"origin":9656,"position":1},"title":"Juramentan a decano\u00a0de la Facultad de Ciencias Qu\u00edmicas y Farmacia","author":"Divisi\u00f3n de Publicidad","date":"14 febrero, 2019","format":false,"excerpt":"Pablo Ernesto Oliva Soto fue juramentado decano de la Facultad de Ciencias Qu\u00edmicas y Farmacia para el per\u00edodo 2019-2023. Las autoridades del Consejo Superior Universitario presidieron el acto acad\u00e9mico de investidura y juramentaci\u00f3n del maestro Pablo Ernesto Oliva Soto como decano de la Facultad de Ciencias Qu\u00edmicas y Farmacia, per\u00edodo\u2026","rel":"","context":"En \u00abNoticias\u00bb","block_context":{"text":"Noticias","link":"https:\/\/soy.usac.edu.gt\/?cat=29"},"img":{"alt_text":"","src":"https:\/\/i0.wp.com\/soy.usac.edu.gt\/wp-content\/uploads\/2019\/02\/2-2.jpg?resize=350%2C200&ssl=1","width":350,"height":200,"srcset":"https:\/\/i0.wp.com\/soy.usac.edu.gt\/wp-content\/uploads\/2019\/02\/2-2.jpg?resize=350%2C200&ssl=1 1x, https:\/\/i0.wp.com\/soy.usac.edu.gt\/wp-content\/uploads\/2019\/02\/2-2.jpg?resize=525%2C300&ssl=1 1.5x, https:\/\/i0.wp.com\/soy.usac.edu.gt\/wp-content\/uploads\/2019\/02\/2-2.jpg?resize=700%2C400&ssl=1 2x, https:\/\/i0.wp.com\/soy.usac.edu.gt\/wp-content\/uploads\/2019\/02\/2-2.jpg?resize=1050%2C600&ssl=1 3x, https:\/\/i0.wp.com\/soy.usac.edu.gt\/wp-content\/uploads\/2019\/02\/2-2.jpg?resize=1400%2C800&ssl=1 4x"},"classes":[]},{"id":8712,"url":"https:\/\/soy.usac.edu.gt\/?p=8712","url_meta":{"origin":9656,"position":2},"title":"Acreditan las licenciaturas de Qu\u00edmica y Qu\u00edmica Biol\u00f3gica","author":"Divisi\u00f3n de Publicidad","date":"10 octubre, 2019","format":false,"excerpt":"El Sistema Nacional de Acreditaci\u00f3n de la Educaci\u00f3n Superior SINAES otorg\u00f3 los certificados de acreditaci\u00f3n luego de que las carreras cumplieran con los est\u00e1ndares\u00a0 internacionales de calidad educativa.","rel":"","context":"En \u00abNoticias\u00bb","block_context":{"text":"Noticias","link":"https:\/\/soy.usac.edu.gt\/?cat=29"},"img":{"alt_text":"","src":"https:\/\/i0.wp.com\/soy.usac.edu.gt\/wp-content\/uploads\/2019\/10\/17.jpg?resize=350%2C200&ssl=1","width":350,"height":200,"srcset":"https:\/\/i0.wp.com\/soy.usac.edu.gt\/wp-content\/uploads\/2019\/10\/17.jpg?resize=350%2C200&ssl=1 1x, https:\/\/i0.wp.com\/soy.usac.edu.gt\/wp-content\/uploads\/2019\/10\/17.jpg?resize=525%2C300&ssl=1 1.5x, https:\/\/i0.wp.com\/soy.usac.edu.gt\/wp-content\/uploads\/2019\/10\/17.jpg?resize=700%2C400&ssl=1 2x, https:\/\/i0.wp.com\/soy.usac.edu.gt\/wp-content\/uploads\/2019\/10\/17.jpg?resize=1050%2C600&ssl=1 3x, https:\/\/i0.wp.com\/soy.usac.edu.gt\/wp-content\/uploads\/2019\/10\/17.jpg?resize=1400%2C800&ssl=1 4x"},"classes":[]},{"id":14009,"url":"https:\/\/soy.usac.edu.gt\/?p=14009","url_meta":{"origin":9656,"position":3},"title":"Decano de Ciencias Qu\u00edmicas y Farmacia es juramentado como Rector en funciones","author":"Divisi\u00f3n de Publicidad","date":"30 abril, 2021","format":false,"excerpt":"La Universidad de San Carlos de Guatemala (USAC) hace del conocimiento p\u00fablico que, por motivos de salud, el doctor Jorge Fernando Orellana, Decano de la Facultad de Ciencias M\u00e9dicas, deja el cargo de Rector en funciones que asumi\u00f3 el pasado 15 de abril.","rel":"","context":"En \u00abNoticias\u00bb","block_context":{"text":"Noticias","link":"https:\/\/soy.usac.edu.gt\/?cat=29"},"img":{"alt_text":"","src":"https:\/\/i0.wp.com\/soy.usac.edu.gt\/wp-content\/uploads\/2021\/04\/Rector-en-funciones-scaled.jpg?resize=350%2C200&ssl=1","width":350,"height":200,"srcset":"https:\/\/i0.wp.com\/soy.usac.edu.gt\/wp-content\/uploads\/2021\/04\/Rector-en-funciones-scaled.jpg?resize=350%2C200&ssl=1 1x, https:\/\/i0.wp.com\/soy.usac.edu.gt\/wp-content\/uploads\/2021\/04\/Rector-en-funciones-scaled.jpg?resize=525%2C300&ssl=1 1.5x, https:\/\/i0.wp.com\/soy.usac.edu.gt\/wp-content\/uploads\/2021\/04\/Rector-en-funciones-scaled.jpg?resize=700%2C400&ssl=1 2x, https:\/\/i0.wp.com\/soy.usac.edu.gt\/wp-content\/uploads\/2021\/04\/Rector-en-funciones-scaled.jpg?resize=1050%2C600&ssl=1 3x, https:\/\/i0.wp.com\/soy.usac.edu.gt\/wp-content\/uploads\/2021\/04\/Rector-en-funciones-scaled.jpg?resize=1400%2C800&ssl=1 4x"},"classes":[]},{"id":3637,"url":"https:\/\/soy.usac.edu.gt\/?p=3637","url_meta":{"origin":9656,"position":4},"title":"Acreditan carrera de Qu\u00edmica Farmac\u00e9utica","author":"Edwin Medina","date":"29 enero, 2019","format":false,"excerpt":"El Sistema Nacional de Acreditaci\u00f3n de la Educaci\u00f3n Superior (SINAES) entreg\u00f3 oficialmente el documento que acredita a la Licenciatura en Qu\u00edmica Farmac\u00e9utica de la Universidad de San Carlos de Guatemala. \u00a0 Esta credencial es un compromiso con la calidad educativa\u00a0 entre las instituciones que forman parte de un selecto grupo.\u2026","rel":"","context":"En \u00abNoticias\u00bb","block_context":{"text":"Noticias","link":"https:\/\/soy.usac.edu.gt\/?cat=29"},"img":{"alt_text":"","src":"https:\/\/i0.wp.com\/soy.usac.edu.gt\/wp-content\/uploads\/2019\/01\/ACREDITACI%C3%93N-QU%C3%8DMICA-FARMACE%C3%9ATICA-13.jpg?resize=350%2C200&ssl=1","width":350,"height":200,"srcset":"https:\/\/i0.wp.com\/soy.usac.edu.gt\/wp-content\/uploads\/2019\/01\/ACREDITACI%C3%93N-QU%C3%8DMICA-FARMACE%C3%9ATICA-13.jpg?resize=350%2C200&ssl=1 1x, https:\/\/i0.wp.com\/soy.usac.edu.gt\/wp-content\/uploads\/2019\/01\/ACREDITACI%C3%93N-QU%C3%8DMICA-FARMACE%C3%9ATICA-13.jpg?resize=525%2C300&ssl=1 1.5x, https:\/\/i0.wp.com\/soy.usac.edu.gt\/wp-content\/uploads\/2019\/01\/ACREDITACI%C3%93N-QU%C3%8DMICA-FARMACE%C3%9ATICA-13.jpg?resize=700%2C400&ssl=1 2x, https:\/\/i0.wp.com\/soy.usac.edu.gt\/wp-content\/uploads\/2019\/01\/ACREDITACI%C3%93N-QU%C3%8DMICA-FARMACE%C3%9ATICA-13.jpg?resize=1050%2C600&ssl=1 3x, https:\/\/i0.wp.com\/soy.usac.edu.gt\/wp-content\/uploads\/2019\/01\/ACREDITACI%C3%93N-QU%C3%8DMICA-FARMACE%C3%9ATICA-13.jpg?resize=1400%2C800&ssl=1 4x"},"classes":[]},{"id":22395,"url":"https:\/\/soy.usac.edu.gt\/?p=22395","url_meta":{"origin":9656,"position":5},"title":"Innovaci\u00f3n y calidad acad\u00e9mica en el I Festival de Buenas Pr\u00e1cticas USAC","author":"Divisi\u00f3n de Publicidad","date":"17 noviembre, 2025","format":false,"excerpt":"La Universidad de San Carlos de Guatemala llev\u00f3 a cabo el I Festival de Buenas Pr\u00e1cticas de Integraci\u00f3n de las Funciones Sustantivas 2025, un espacio donde nuestras unidades acad\u00e9micas compartieron proyectos que fortalecen la docencia, la investigaci\u00f3n y la extensi\u00f3n. En su mensaje de bienvenida, la M.A. Brenda Marroqu\u00edn, Directora\u2026","rel":"","context":"En \u00abActividades\u00bb","block_context":{"text":"Actividades","link":"https:\/\/soy.usac.edu.gt\/?cat=126"},"img":{"alt_text":"","src":"https:\/\/i0.wp.com\/soy.usac.edu.gt\/wp-content\/uploads\/2025\/11\/WhatsApp-Image-2025-11-19-at-9.42.40-AM-1.jpeg?resize=350%2C200&ssl=1","width":350,"height":200,"srcset":"https:\/\/i0.wp.com\/soy.usac.edu.gt\/wp-content\/uploads\/2025\/11\/WhatsApp-Image-2025-11-19-at-9.42.40-AM-1.jpeg?resize=350%2C200&ssl=1 1x, https:\/\/i0.wp.com\/soy.usac.edu.gt\/wp-content\/uploads\/2025\/11\/WhatsApp-Image-2025-11-19-at-9.42.40-AM-1.jpeg?resize=525%2C300&ssl=1 1.5x, https:\/\/i0.wp.com\/soy.usac.edu.gt\/wp-content\/uploads\/2025\/11\/WhatsApp-Image-2025-11-19-at-9.42.40-AM-1.jpeg?resize=700%2C400&ssl=1 2x, https:\/\/i0.wp.com\/soy.usac.edu.gt\/wp-content\/uploads\/2025\/11\/WhatsApp-Image-2025-11-19-at-9.42.40-AM-1.jpeg?resize=1050%2C600&ssl=1 3x, https:\/\/i0.wp.com\/soy.usac.edu.gt\/wp-content\/uploads\/2025\/11\/WhatsApp-Image-2025-11-19-at-9.42.40-AM-1.jpeg?resize=1400%2C800&ssl=1 4x"},"classes":[]}],"jetpack_sharing_enabled":true,"_links":{"self":[{"href":"https:\/\/soy.usac.edu.gt\/index.php?rest_route=\/wp\/v2\/posts\/9656","targetHints":{"allow":["GET"]}}],"collection":[{"href":"https:\/\/soy.usac.edu.gt\/index.php?rest_route=\/wp\/v2\/posts"}],"about":[{"href":"https:\/\/soy.usac.edu.gt\/index.php?rest_route=\/wp\/v2\/types\/post"}],"author":[{"embeddable":true,"href":"https:\/\/soy.usac.edu.gt\/index.php?rest_route=\/wp\/v2\/users\/16"}],"replies":[{"embeddable":true,"href":"https:\/\/soy.usac.edu.gt\/index.php?rest_route=%2Fwp%2Fv2%2Fcomments&post=9656"}],"version-history":[{"count":0,"href":"https:\/\/soy.usac.edu.gt\/index.php?rest_route=\/wp\/v2\/posts\/9656\/revisions"}],"wp:featuredmedia":[{"embeddable":true,"href":"https:\/\/soy.usac.edu.gt\/index.php?rest_route=\/wp\/v2\/media\/9665"}],"wp:attachment":[{"href":"https:\/\/soy.usac.edu.gt\/index.php?rest_route=%2Fwp%2Fv2%2Fmedia&parent=9656"}],"wp:term":[{"taxonomy":"category","embeddable":true,"href":"https:\/\/soy.usac.edu.gt\/index.php?rest_route=%2Fwp%2Fv2%2Fcategories&post=9656"},{"taxonomy":"post_tag","embeddable":true,"href":"https:\/\/soy.usac.edu.gt\/index.php?rest_route=%2Fwp%2Fv2%2Ftags&post=9656"}],"curies":[{"name":"wp","href":"https:\/\/api.w.org\/{rel}","templated":true}]}}